{"id":2590,"date":"2026-09-02T19:39:00","date_gmt":"2026-09-02T17:39:00","guid":{"rendered":"https:\/\/uncanonsurlezinc.fr\/?p=2590"},"modified":"2026-09-02T21:48:17","modified_gmt":"2026-09-02T19:48:17","slug":"rivages-sonores","status":"publish","type":"post","link":"https:\/\/uncanonsurlezinc.fr\/index.php\/2026\/09\/02\/rivages-sonores\/","title":{"rendered":"Cin\u00e9-concert"},"content":{"rendered":"\n<figure class=\"wp-block-image size-large\"><img loading=\"lazy\" decoding=\"async\" width=\"1024\" height=\"1024\" src=\"https:\/\/uncanonsurlezinc.fr\/wp-content\/uploads\/2026\/09\/UCSLZ--1024x1024.png\" alt=\"\" class=\"wp-image-2591\" srcset=\"https:\/\/uncanonsurlezinc.fr\/wp-content\/uploads\/2026\/09\/UCSLZ--1024x1024.png 1024w, https:\/\/uncanonsurlezinc.fr\/wp-content\/uploads\/2026\/09\/UCSLZ--300x300.png 300w, https:\/\/uncanonsurlezinc.fr\/wp-content\/uploads\/2026\/09\/UCSLZ--150x150.png 150w, https:\/\/uncanonsurlezinc.fr\/wp-content\/uploads\/2026\/09\/UCSLZ--768x768.png 768w, https:\/\/uncanonsurlezinc.fr\/wp-content\/uploads\/2026\/09\/UCSLZ--620x620.png 620w, https:\/\/uncanonsurlezinc.fr\/wp-content\/uploads\/2026\/09\/UCSLZ-.png 1280w\" sizes=\"auto, (max-width: 1024px) 100vw, 1024px\" \/><\/figure>\n\n\n\n<p class=\"has-text-align-left\">C&rsquo;est la rentr\u00e9e et une proposition artistique in\u00e9dite pour cl\u00f4turer cet \u00e9t\u00e9 caniculaire&nbsp;!<\/p>\n\n\n\n<p class=\"has-text-align-left\"><strong>\u00ab&nbsp;Rivages sonores&nbsp;\u00bb<\/strong> est une cr\u00e9ation et performance en live des deux acolytes d&rsquo;<strong>Un canon sur le Zinc<\/strong>, s\u2019appuyant sur la projection d\u2019archives audiovisuelles du littoral audois tir\u00e9es des fonds des Archives d\u00e9partementales de l\u2019Aude Marcel-Rainaud, de la Cin\u00e9math\u00e8que de Toulouse, et de l\u2019Institut Jean Vigo \u00e0 Perpignan.<br>Une composition mixant musique \u00e9lectronique et field-recording (sons de terrain), tissant ainsi un continuum entre images du pass\u00e9 et r\u00e9sonances du pr\u00e9sent.<\/p>\n\n\n\n<p class=\"has-text-align-left\">Par le dialogue entre archives et cr\u00e9ation contemporaine, le spectacle invite \u00e0 \u00e9couter autrement notre littoral, pour en percevoir, dans ses bruits et ses silences, la m\u00e9moire collective et les fragilit\u00e9s d\u2019un horizon commun\u2026<\/p>\n\n\n\n<p class=\"has-text-align-left\">La performance sera suivie d\u2019un \u00e9change avec le public.<\/p>\n\n\n\n<p class=\"has-text-align-center\"><strong>Vendredi 11 septembre 2026<\/strong> \u00e0 20h00 aux <strong>Archives d\u00e9partementales de l&rsquo;Aude<\/strong> &#8211; 41, avenue Claude Bernard &#8211; 11000 CARCASSONNE.<\/p>\n\n\n\n<p class=\"has-text-align-center\"><em>Sur r\u00e9servation par courriel \u00e0 archives@aude.fr ou par t\u00e9l\u00e9phone au 04.68.11.31.54<\/em><\/p>\n\n\n<div class=\"wp-block-image\">\n<figure class=\"aligncenter size-full is-resized\"><img loading=\"lazy\" decoding=\"async\" width=\"600\" height=\"900\" src=\"https:\/\/uncanonsurlezinc.fr\/wp-content\/uploads\/2026\/09\/ec38c56e2d154ea5b41489ad49d99033.base_.image_.webp\" alt=\"\" class=\"wp-image-2595\" style=\"width:320px;height:auto\" srcset=\"https:\/\/uncanonsurlezinc.fr\/wp-content\/uploads\/2026\/09\/ec38c56e2d154ea5b41489ad49d99033.base_.image_.webp 600w, https:\/\/uncanonsurlezinc.fr\/wp-content\/uploads\/2026\/09\/ec38c56e2d154ea5b41489ad49d99033.base_.image_-200x300.webp 200w\" sizes=\"auto, (max-width: 600px) 100vw, 600px\" \/><\/figure><\/div>\n\n\n<p><\/p>\n\n\n<div class=\"wp-block-image\">\n<figure class=\"aligncenter size-large is-resized\"><img loading=\"lazy\" decoding=\"async\" width=\"1013\" height=\"1024\" src=\"http:\/\/uncanonsurlezinc.fr\/wp-content\/uploads\/2025\/12\/logo-ucslz-HR-1013x1024.jpg\" alt=\"\" class=\"wp-image-2440\" style=\"width:340px;height:auto\" srcset=\"https:\/\/uncanonsurlezinc.fr\/wp-content\/uploads\/2025\/12\/logo-ucslz-HR-1013x1024.jpg 1013w, https:\/\/uncanonsurlezinc.fr\/wp-content\/uploads\/2025\/12\/logo-ucslz-HR-297x300.jpg 297w, https:\/\/uncanonsurlezinc.fr\/wp-content\/uploads\/2025\/12\/logo-ucslz-HR-768x776.jpg 768w, https:\/\/uncanonsurlezinc.fr\/wp-content\/uploads\/2025\/12\/logo-ucslz-HR-1520x1536.jpg 1520w, https:\/\/uncanonsurlezinc.fr\/wp-content\/uploads\/2025\/12\/logo-ucslz-HR-2026x2048.jpg 2026w, https:\/\/uncanonsurlezinc.fr\/wp-content\/uploads\/2025\/12\/logo-ucslz-HR-620x627.jpg 620w\" sizes=\"auto, (max-width: 1013px) 100vw, 1013px\" \/><\/figure><\/div>\n\n\n<p><\/p>\n","protected":false},"excerpt":{"rendered":"<p>C&rsquo;est la rentr\u00e9e et une proposition artistique in\u00e9dite pour cl\u00f4turer cet \u00e9t\u00e9 caniculaire&nbsp;! \u00ab&nbsp;Rivages sonores&nbsp;\u00bb est une cr\u00e9ation et performance en live des deux acolytes d&rsquo;Un canon sur le Zinc, s\u2019appuyant sur la projection d\u2019archives audiovisuelles du littoral audois tir\u00e9es des fonds des Archives d\u00e9partementales de l\u2019Aude Marcel-Rainaud, de la Cin\u00e9math\u00e8que de Toulouse, et de [&hellip;]<\/p>\n","protected":false},"author":1,"featured_media":0,"comment_status":"open","ping_status":"open","sticky":false,"template":"","format":"standard","meta":{"footnotes":""},"categories":[728],"tags":[1340,1342,1341,1339,966],"class_list":["post-2590","post","type-post","status-publish","format-standard","hentry","category-evenements","tag-archives-departementales-de-laude","tag-cine-concert","tag-live","tag-rivages-sonores","tag-ucslz"],"post_mailing_queue_ids":[],"_links":{"self":[{"href":"https:\/\/uncanonsurlezinc.fr\/index.php\/wp-json\/wp\/v2\/posts\/2590","targetHints":{"allow":["GET"]}}],"collection":[{"href":"https:\/\/uncanonsurlezinc.fr\/index.php\/wp-json\/wp\/v2\/posts"}],"about":[{"href":"https:\/\/uncanonsurlezinc.fr\/index.php\/wp-json\/wp\/v2\/types\/post"}],"author":[{"embeddable":true,"href":"https:\/\/uncanonsurlezinc.fr\/index.php\/wp-json\/wp\/v2\/users\/1"}],"replies":[{"embeddable":true,"href":"https:\/\/uncanonsurlezinc.fr\/index.php\/wp-json\/wp\/v2\/comments?post=2590"}],"version-history":[{"count":17,"href":"https:\/\/uncanonsurlezinc.fr\/index.php\/wp-json\/wp\/v2\/posts\/2590\/revisions"}],"predecessor-version":[{"id":2614,"href":"https:\/\/uncanonsurlezinc.fr\/index.php\/wp-json\/wp\/v2\/posts\/2590\/revisions\/2614"}],"wp:attachment":[{"href":"https:\/\/uncanonsurlezinc.fr\/index.php\/wp-json\/wp\/v2\/media?parent=2590"}],"wp:term":[{"taxonomy":"category","embeddable":true,"href":"https:\/\/uncanonsurlezinc.fr\/index.php\/wp-json\/wp\/v2\/categories?post=2590"},{"taxonomy":"post_tag","embeddable":true,"href":"https:\/\/uncanonsurlezinc.fr\/index.php\/wp-json\/wp\/v2\/tags?post=2590"}],"curies":[{"name":"wp","href":"https:\/\/api.w.org\/{rel}","templated":true}]}}