{"id":1377,"date":"2020-07-08T18:11:52","date_gmt":"2020-07-08T16:11:52","guid":{"rendered":"http:\/\/uncanonsurlezinc.fr\/?p=1377"},"modified":"2020-07-09T13:08:56","modified_gmt":"2020-07-09T11:08:56","slug":"emission-ucslz-35","status":"publish","type":"post","link":"https:\/\/uncanonsurlezinc.fr\/index.php\/2020\/07\/08\/emission-ucslz-35\/","title":{"rendered":"\u00c9mission UCSLZ #35"},"content":{"rendered":"\n<figure class=\"wp-block-audio\"><audio controls src=\"http:\/\/uncanonsurlezinc.fr\/audio\/UCSLZ%2035%20-%20Juin%202020.mp3\"><\/audio><\/figure>\n\n\n\n<p><a rel=\"noreferrer noopener\" href=\"http:\/\/uncanonsurlezinc.fr\/audio\/UCSLZ%2035%20-%20Juin%202020.mp3\" target=\"_blank\">T\u00e9l\u00e9charger<\/a><\/p>\n\n\n\n<h2 class=\"wp-block-heading\">Sons confin\u00e9s 1.4<\/h2>\n\n\n\n<div class=\"wp-block-image\"><figure class=\"alignright size-large is-resized\"><img loading=\"lazy\" decoding=\"async\" src=\"http:\/\/uncanonsurlezinc.fr\/wp-content\/uploads\/2019\/06\/THIERRY_couleur-1024x887.jpg\" alt=\"\" class=\"wp-image-1082\" width=\"96\" height=\"83\" srcset=\"https:\/\/uncanonsurlezinc.fr\/wp-content\/uploads\/2019\/06\/THIERRY_couleur-1024x887.jpg 1024w, https:\/\/uncanonsurlezinc.fr\/wp-content\/uploads\/2019\/06\/THIERRY_couleur-300x260.jpg 300w, https:\/\/uncanonsurlezinc.fr\/wp-content\/uploads\/2019\/06\/THIERRY_couleur-768x666.jpg 768w, https:\/\/uncanonsurlezinc.fr\/wp-content\/uploads\/2019\/06\/THIERRY_couleur-620x537.jpg 620w, https:\/\/uncanonsurlezinc.fr\/wp-content\/uploads\/2019\/06\/THIERRY_couleur.jpg 1417w\" sizes=\"auto, (max-width: 96px) 100vw, 96px\" \/><\/figure><\/div>\n\n\n\n<p>Avec les participations sonores de :<\/p>\n\n\n\n<ul class=\"wp-block-list\"><li><strong>Salom\u00e9 &amp; Cl\u00e9ment<\/strong> de Carcassonne nous offrent un enregistrement in\u00e9dit et unique d&rsquo;Icarovirus-2019.<\/li><li><strong>Estelle<\/strong> et sa joyeuse marmaille nous donnent \u00e0 entendre \u00e0 Auvers sur Oise.<\/li><li>De Carcassonne, une lecture d&rsquo;<strong>Isabelle<\/strong> d&rsquo;un extrait du discours sur l&rsquo;origine et les fondements de l&rsquo;in\u00e9galit\u00e9 parmi les hommes de J-J Rousseau.<\/li><li>La lecture d&rsquo;<strong>Estelle<\/strong> d&rsquo;un extrait de La Princesse de Cl\u00e8ves de Madame de La Fayette et ses notes de piano \u00e9gren\u00e9es \u00e0 Auvers sur Oise.<\/li><li>\u00ab\u00a0La sensation du tigre\u00a0\u00bb concoct\u00e9e par <strong>\u00c9lodie Bousquet<\/strong> \u00e0 Toulouse.<\/li><li>\u201cSeuls aux maisons\u201d &#8211; arrangement de \u201cseul \u00e0 la maison\u201d #2 V\u00e9ritables pr\u00e9ludes flasques pour un chien. <strong>Marjorie Pag\u00e8s<\/strong>, contrebasse par Skype, <strong>Mark Lockett<\/strong>, piano limouxin.<\/li><li><strong>Matthieu<\/strong> dans une parcelle de Syrah dans le Vaucluse.<\/li><li>Un morceau \u00ab\u00a0I hate days like today\u00a0\u00bb jou\u00e9 par les \u00e9l\u00e9gants P\u00e9rigourdins : <strong>Shambhala<\/strong>.<\/li><li><strong>C\u00e9cile &amp; Fabrice<\/strong>, lecture et guitare en provenance du Vexin : le voyage d&rsquo;Oregon de Rascal.<\/li><\/ul>\n\n\n\n<p>Mixage, Montage &amp; photo : Thierry F. (UCSLZ)<\/p>\n\n\n\n<figure class=\"wp-block-image size-large\"><img loading=\"lazy\" decoding=\"async\" width=\"1024\" height=\"1024\" src=\"http:\/\/uncanonsurlezinc.fr\/wp-content\/uploads\/2020\/06\/DSCF3957-1024x1024.jpg\" alt=\"\" class=\"wp-image-1379\" srcset=\"https:\/\/uncanonsurlezinc.fr\/wp-content\/uploads\/2020\/06\/DSCF3957-1024x1024.jpg 1024w, https:\/\/uncanonsurlezinc.fr\/wp-content\/uploads\/2020\/06\/DSCF3957-300x300.jpg 300w, https:\/\/uncanonsurlezinc.fr\/wp-content\/uploads\/2020\/06\/DSCF3957-150x150.jpg 150w, https:\/\/uncanonsurlezinc.fr\/wp-content\/uploads\/2020\/06\/DSCF3957-768x768.jpg 768w, https:\/\/uncanonsurlezinc.fr\/wp-content\/uploads\/2020\/06\/DSCF3957-1536x1536.jpg 1536w, https:\/\/uncanonsurlezinc.fr\/wp-content\/uploads\/2020\/06\/DSCF3957-2048x2048.jpg 2048w, https:\/\/uncanonsurlezinc.fr\/wp-content\/uploads\/2020\/06\/DSCF3957-620x620.jpg 620w\" sizes=\"auto, (max-width: 1024px) 100vw, 1024px\" \/><\/figure>\n\n\n\n<h2 class=\"wp-block-heading\">Curiosit\u00e9 sonore 2.4 &#8211; \u00ab\u00a0Un Incontro Notturno\u00a0\u00bb<\/h2>\n\n\n\n<p>Auto-pr\u00e9sentation et diffusion de l\u2019\u0153uvre \u201cUn Incontro Notturno\u201d par son auteur <strong><a href=\"https:\/\/mqtthiqs.github.io\/\" target=\"_blank\" rel=\"noreferrer noopener\">Matthias Puech<\/a><\/strong>, issu de l\u2019album \u201cAlpestres\u201d paru en 2018 sur le label <a href=\"https:\/\/handsinthedarkrecords.com\/\" target=\"_blank\" rel=\"noreferrer noopener\">Hands In The Dark<\/a>.<\/p>\n\n\n\n<div class=\"wp-block-image\"><figure class=\"aligncenter size-large is-resized\"><img loading=\"lazy\" decoding=\"async\" src=\"http:\/\/uncanonsurlezinc.fr\/wp-content\/uploads\/2020\/06\/R-12825174-1542665548-4052.jpeg.jpg\" alt=\"\" class=\"wp-image-1381\" width=\"513\" height=\"513\" srcset=\"https:\/\/uncanonsurlezinc.fr\/wp-content\/uploads\/2020\/06\/R-12825174-1542665548-4052.jpeg.jpg 600w, https:\/\/uncanonsurlezinc.fr\/wp-content\/uploads\/2020\/06\/R-12825174-1542665548-4052.jpeg-300x300.jpg 300w, https:\/\/uncanonsurlezinc.fr\/wp-content\/uploads\/2020\/06\/R-12825174-1542665548-4052.jpeg-150x150.jpg 150w\" sizes=\"auto, (max-width: 513px) 100vw, 513px\" \/><\/figure><\/div>\n\n\n\n<h2 class=\"wp-block-heading\">Sons confin\u00e9s 1.5<\/h2>\n\n\n\n<div class=\"wp-block-image\"><figure class=\"alignright size-large is-resized\"><img loading=\"lazy\" decoding=\"async\" src=\"http:\/\/uncanonsurlezinc.fr\/wp-content\/uploads\/2019\/11\/MATHIEU_QUELAIS_couleur-1024x935.jpg\" alt=\"\" class=\"wp-image-1136\" width=\"97\" height=\"88\" srcset=\"https:\/\/uncanonsurlezinc.fr\/wp-content\/uploads\/2019\/11\/MATHIEU_QUELAIS_couleur-1024x935.jpg 1024w, https:\/\/uncanonsurlezinc.fr\/wp-content\/uploads\/2019\/11\/MATHIEU_QUELAIS_couleur-300x274.jpg 300w, https:\/\/uncanonsurlezinc.fr\/wp-content\/uploads\/2019\/11\/MATHIEU_QUELAIS_couleur-768x701.jpg 768w, https:\/\/uncanonsurlezinc.fr\/wp-content\/uploads\/2019\/11\/MATHIEU_QUELAIS_couleur-620x566.jpg 620w, https:\/\/uncanonsurlezinc.fr\/wp-content\/uploads\/2019\/11\/MATHIEU_QUELAIS_couleur.jpg 1417w\" sizes=\"auto, (max-width: 97px) 100vw, 97px\" \/><\/figure><\/div>\n\n\n\n<p>Avec les participations sonores de :<\/p>\n\n\n\n<ul class=\"wp-block-list\"><li><strong>Alice<\/strong> \u00e0 Faverges-de-la-Tour nous fait partager les sonorit\u00e9s matinales d&rsquo;un village dans les Alpes.<\/li><li><strong><a rel=\"noreferrer noopener\" href=\"https:\/\/tombodlin.bandcamp.com\/\" target=\"_blank\">Tom Bodlin<\/a><\/strong> \u00e0 La Chapelle-Heulin nous propose une improvisation \u00e0 la guitare intitul\u00e9 \u00ab\u00a0What Is The Day Today?\u00a0\u00bb<\/li><li><strong><a rel=\"noreferrer noopener\" href=\"http:\/\/pedrodelahoya.blogspot.com\/\" target=\"_blank\">Pedro de la Hoya<\/a><\/strong> \u00e0 Lyon et les sons quotidiens du confinement en famille.<\/li><li><strong>Joan<\/strong> \u00e0 Fronton avec ses pastilles sonores en mode autotune.<\/li><li>Sylvain de l&rsquo;association <a href=\"http:\/\/asso.gabuzomeu.bz\/\" target=\"_blank\" rel=\"noreferrer noopener\">GABU ASSO<\/a> \u00e0 B\u00e9ziers nous pr\u00e9sente VII et le titre \u00ab\u00a0L&rsquo;Usage Des Armes Lentes\u00a0\u00bb<\/li><li>Le quotidien d&rsquo;une \u00e9picerie de producteurs \u00e0 Carcassonne avec <strong>Pierre<\/strong> chez <a rel=\"noreferrer noopener\" href=\"https:\/\/www.facebook.com\/pages\/category\/Grocery-Store\/LEpicerie-des-Producteurs-Berg%C3%A9-Fr%C3%A8res-330600726980509\/\" target=\"_blank\">BERGE FRERES<\/a>.<\/li><li><strong>Eva<\/strong> \u00e0 Aureville nous fait partager un bout de repas familial.<\/li><li>Montage confin\u00e9, concoct\u00e9 par <strong>Thierry<\/strong> \u00e0 Carcassonne.<\/li><\/ul>\n\n\n\n<p>Mixage, Montage &amp; photo : Matthieu Q. (UCSLZ)<\/p>\n\n\n\n<figure class=\"wp-block-image size-large\"><img loading=\"lazy\" decoding=\"async\" width=\"1024\" height=\"1024\" src=\"http:\/\/uncanonsurlezinc.fr\/wp-content\/uploads\/2020\/07\/DSCF6098-1024x1024.jpg\" alt=\"\" class=\"wp-image-1393\" srcset=\"https:\/\/uncanonsurlezinc.fr\/wp-content\/uploads\/2020\/07\/DSCF6098-1024x1024.jpg 1024w, https:\/\/uncanonsurlezinc.fr\/wp-content\/uploads\/2020\/07\/DSCF6098-300x300.jpg 300w, https:\/\/uncanonsurlezinc.fr\/wp-content\/uploads\/2020\/07\/DSCF6098-150x150.jpg 150w, https:\/\/uncanonsurlezinc.fr\/wp-content\/uploads\/2020\/07\/DSCF6098-768x768.jpg 768w, https:\/\/uncanonsurlezinc.fr\/wp-content\/uploads\/2020\/07\/DSCF6098-1536x1536.jpg 1536w, https:\/\/uncanonsurlezinc.fr\/wp-content\/uploads\/2020\/07\/DSCF6098-2048x2048.jpg 2048w, https:\/\/uncanonsurlezinc.fr\/wp-content\/uploads\/2020\/07\/DSCF6098-620x620.jpg 620w\" sizes=\"auto, (max-width: 1024px) 100vw, 1024px\" \/><\/figure>\n\n\n\n<h2 class=\"wp-block-heading\">Sons confin\u00e9s 1.6<\/h2>\n\n\n\n<div class=\"wp-block-image\"><figure class=\"alignright size-large is-resized\"><img loading=\"lazy\" decoding=\"async\" src=\"http:\/\/uncanonsurlezinc.fr\/wp-content\/uploads\/2019\/06\/THIERRY_couleur-1024x887.jpg\" alt=\"\" class=\"wp-image-1082\" width=\"95\" height=\"82\" srcset=\"https:\/\/uncanonsurlezinc.fr\/wp-content\/uploads\/2019\/06\/THIERRY_couleur-1024x887.jpg 1024w, https:\/\/uncanonsurlezinc.fr\/wp-content\/uploads\/2019\/06\/THIERRY_couleur-300x260.jpg 300w, https:\/\/uncanonsurlezinc.fr\/wp-content\/uploads\/2019\/06\/THIERRY_couleur-768x666.jpg 768w, https:\/\/uncanonsurlezinc.fr\/wp-content\/uploads\/2019\/06\/THIERRY_couleur-620x537.jpg 620w, https:\/\/uncanonsurlezinc.fr\/wp-content\/uploads\/2019\/06\/THIERRY_couleur.jpg 1417w\" sizes=\"auto, (max-width: 95px) 100vw, 95px\" \/><\/figure><\/div>\n\n\n\n<p>Avec les partitions sonores de :<\/p>\n\n\n\n<ul class=\"wp-block-list\"><li>A Paris, entour\u00e9e de \u00ab\u00a0piano piece 1952\u00a0\u00bb de Morton Feldman, <strong>Ga\u00eblle Obiegly<\/strong> nous lit un extrait de son roman \u00ab\u00a0N&rsquo;\u00eatre personne\u00a0\u00bb paru en 2017 aux \u00e9ditions Verticales.<\/li><li>L&rsquo;\u00e9tude en si mineur de Jean Sibelius et son accompagnement de m\u00f4mes libres est jou\u00e9e par <strong>Estelle<\/strong> l&rsquo;Auversoise.<\/li><li><strong>St\u00e9phane Servant<\/strong>, \u00e9crivain vivant pr\u00e8s de Carcassonne, nous lit son texte: \u201cLibert\u00e9\u00a0\u00bb.<\/li><\/ul>\n\n\n\n<p>Mixage, Montage &amp; photo : Thierry F. (UCSLZ)<\/p>\n\n\n\n<figure class=\"wp-block-image size-large\"><img loading=\"lazy\" decoding=\"async\" width=\"987\" height=\"1024\" src=\"http:\/\/uncanonsurlezinc.fr\/wp-content\/uploads\/2020\/07\/DSCF4473-987x1024.jpg\" alt=\"\" class=\"wp-image-1394\" srcset=\"https:\/\/uncanonsurlezinc.fr\/wp-content\/uploads\/2020\/07\/DSCF4473-987x1024.jpg 987w, https:\/\/uncanonsurlezinc.fr\/wp-content\/uploads\/2020\/07\/DSCF4473-289x300.jpg 289w, https:\/\/uncanonsurlezinc.fr\/wp-content\/uploads\/2020\/07\/DSCF4473-768x797.jpg 768w, https:\/\/uncanonsurlezinc.fr\/wp-content\/uploads\/2020\/07\/DSCF4473-1480x1536.jpg 1480w, https:\/\/uncanonsurlezinc.fr\/wp-content\/uploads\/2020\/07\/DSCF4473-620x643.jpg 620w, https:\/\/uncanonsurlezinc.fr\/wp-content\/uploads\/2020\/07\/DSCF4473.jpg 1617w\" sizes=\"auto, (max-width: 987px) 100vw, 987px\" \/><\/figure>\n\n\n\n<h2 class=\"wp-block-heading\">Playlist musicale dans l&rsquo;ordre chronologique :<\/h2>\n\n\n\n<ol class=\"wp-block-list\"><li><strong><a rel=\"noreferrer noopener\" href=\"https:\/\/intlanthem.bandcamp.com\/album\/transition-east\" target=\"_blank\">ANGEL BAT DAWID<\/a><\/strong> \u00ab\u00a0Transition East\u00a0\u00bb &#8211; [Transition East, 7\u00a0\u00bb &#8211; International Anthem, 2020]<\/li><li><strong><a rel=\"noreferrer noopener\" href=\"https:\/\/angelinayershova.com\/\" target=\"_blank\">ANGELINA YERSHOVA<\/a><\/strong> \u00ab\u00a0Tumbleweed\u00a0\u00bb [CosmoTengri &#8211; Twin Paradox &#8211; 2019]<\/li><li><strong><a rel=\"noreferrer noopener\" href=\"https:\/\/grubbsunami.bandcamp.com\/album\/comet-meta\" target=\"_blank\">DAVID GRUBBS &amp; TAKU UNAMI<\/a><\/strong> \u00ab\u00a0Comet Meta\u00a0\u00bb [Comet Meta &#8211; Drag City Records &#8211; 2020]<\/li><li><strong><a href=\"https:\/\/mqtthiqs.github.io\/\" target=\"_blank\" rel=\"noreferrer noopener\">MATTHIAS PUECH<\/a><\/strong> \u201cUn Incontro Notturno\u201d [Alpestres &#8211; Hands In The Dark &#8211; 2018]<\/li><li><strong><a rel=\"noreferrer noopener\" href=\"https:\/\/deenabdelwahed.bandcamp.com\/music?fbclid=IwAR0KgPrCsT8n43lh0f2AYWlmkN5cwFZu5ImVLcvzNNZyGQlffdJHR-6j7hY\" target=\"_blank\">DEENA ABDELWAHED<\/a> \u00ab\u00a0<\/strong>Insaniyti\u00a0\u00bb [Dhakar, EP &#8211; InFin\u00e9 &#8211; 2020]<\/li><li><strong><a rel=\"noreferrer noopener\" href=\"https:\/\/billywoods.bandcamp.com\/album\/hiding-places\" target=\"_blank\">BILLY WOODS &amp; KENNY SEGAL<\/a><\/strong> \u00ab\u00a0Spider Hole\u00a0\u00bb [Hiding Places &#8211; Backwoodz Studioz &#8211; 2019]<\/li><li><strong><a rel=\"noreferrer noopener\" href=\"https:\/\/rapandrevenge.bandcamp.com\/album\/derni-re-musique-obscure-de-la-nuit-peinte\" target=\"_blank\">VII<\/a><\/strong> \u00ab\u00a0L&rsquo;Usage Des Armes Lentes\u00a0\u00bb [Derni\u00e8re Musique Obscure de la Nuit Peinte &#8211; Rap And Revenge &#8211; 2020]<\/li><li><strong><a rel=\"noreferrer noopener\" href=\"https:\/\/www.okkyunglee.info\/\" target=\"_blank\">OKKYUNG LEE<\/a><\/strong> \u00ab\u00a0Facing Your Shadows\u00a0\u00bb [Yeo\u200b-\u200bNeun &#8211; Shelter Press &#8211; 2020]<\/li><li><strong><a rel=\"noreferrer noopener\" href=\"https:\/\/cocanha.net\/\" target=\"_blank\">COCANHA<\/a><\/strong> \u00ab\u00a0Cotelon\u00a0\u00bb [Puput &#8211; Pagans &#8211; 2020]<\/li><\/ol>\n\n\n\n<h2 class=\"wp-block-heading\">Extrait lors du g\u00e9n\u00e9rique :<\/h2>\n\n\n\n<p>Intro : Extrait d&rsquo;une <a href=\"https:\/\/m.ina.fr\/video\/I15176019\/jean-yanne-le-laquais-du-pouvoir-video.html\" target=\"_blank\" rel=\"noreferrer noopener\">parodie d&rsquo;interview<\/a> entre Jean Yanne &amp; Daniel Prevost sur les ondes de France Inter, le 2 mars 1969.<\/p>\n","protected":false},"excerpt":{"rendered":"<p>T\u00e9l\u00e9charger Sons confin\u00e9s 1.4 Avec les participations sonores de : Salom\u00e9 &amp; Cl\u00e9ment de Carcassonne nous offrent un enregistrement in\u00e9dit et unique d&rsquo;Icarovirus-2019. Estelle et sa joyeuse marmaille nous donnent \u00e0 entendre \u00e0 Auvers sur Oise. De Carcassonne, une lecture d&rsquo;Isabelle d&rsquo;un extrait du discours sur l&rsquo;origine et les fondements de l&rsquo;in\u00e9galit\u00e9 parmi les hommes [&hellip;]<\/p>\n","protected":false},"author":1,"featured_media":1396,"comment_status":"open","ping_status":"open","sticky":false,"template":"","format":"standard","meta":{"footnotes":""},"categories":[7],"tags":[350,555,557,561,562,179,293,554,65,558,283,560,556,559],"class_list":["post-1377","post","type-post","status-publish","format-standard","has-post-thumbnail","hentry","category-emissions","tag-angel-bat-dawid","tag-angelina-yershova","tag-billy-woods","tag-cocanha","tag-daniel-prevost","tag-david-grubbs","tag-deena-abdelwahed","tag-hands-in-the-dark","tag-jean-yanne","tag-kenny-segal","tag-matthias-puech","tag-okkyung-lee","tag-taku-unami","tag-vii"],"post_mailing_queue_ids":[],"_links":{"self":[{"href":"https:\/\/uncanonsurlezinc.fr\/index.php\/wp-json\/wp\/v2\/posts\/1377","targetHints":{"allow":["GET"]}}],"collection":[{"href":"https:\/\/uncanonsurlezinc.fr\/index.php\/wp-json\/wp\/v2\/posts"}],"about":[{"href":"https:\/\/uncanonsurlezinc.fr\/index.php\/wp-json\/wp\/v2\/types\/post"}],"author":[{"embeddable":true,"href":"https:\/\/uncanonsurlezinc.fr\/index.php\/wp-json\/wp\/v2\/users\/1"}],"replies":[{"embeddable":true,"href":"https:\/\/uncanonsurlezinc.fr\/index.php\/wp-json\/wp\/v2\/comments?post=1377"}],"version-history":[{"count":10,"href":"https:\/\/uncanonsurlezinc.fr\/index.php\/wp-json\/wp\/v2\/posts\/1377\/revisions"}],"predecessor-version":[{"id":1410,"href":"https:\/\/uncanonsurlezinc.fr\/index.php\/wp-json\/wp\/v2\/posts\/1377\/revisions\/1410"}],"wp:featuredmedia":[{"embeddable":true,"href":"https:\/\/uncanonsurlezinc.fr\/index.php\/wp-json\/wp\/v2\/media\/1396"}],"wp:attachment":[{"href":"https:\/\/uncanonsurlezinc.fr\/index.php\/wp-json\/wp\/v2\/media?parent=1377"}],"wp:term":[{"taxonomy":"category","embeddable":true,"href":"https:\/\/uncanonsurlezinc.fr\/index.php\/wp-json\/wp\/v2\/categories?post=1377"},{"taxonomy":"post_tag","embeddable":true,"href":"https:\/\/uncanonsurlezinc.fr\/index.php\/wp-json\/wp\/v2\/tags?post=1377"}],"curies":[{"name":"wp","href":"https:\/\/api.w.org\/{rel}","templated":true}]}}