{"id":128,"date":"2016-12-07T21:00:42","date_gmt":"2016-12-07T20:00:42","guid":{"rendered":"http:\/\/uncanonsurlezinc.fr\/?p=128"},"modified":"2025-07-06T12:18:35","modified_gmt":"2025-07-06T10:18:35","slug":"nos-rencontres","status":"publish","type":"post","link":"https:\/\/uncanonsurlezinc.fr\/index.php\/2016\/12\/07\/nos-rencontres\/","title":{"rendered":"Nos rencontres"},"content":{"rendered":"<ul>\n<li><strong>Didier FERRIER &amp; Jennifer BUCK<\/strong> &#8211; Vignerons \u00e0 la <a href=\"http:\/\/collinedelhirondelle.com\/fr\/bienvenue\/\" target=\"_blank\" rel=\"noopener noreferrer\">COLLINE DE L&rsquo;HIRONDELLE<\/a> \u00e0 Douzens (11) &#8211; <a href=\"http:\/\/uncanonsurlezinc.fr\/index.php\/2016\/12\/07\/emission-ucslz-1-du-07122016\/\" target=\"_blank\" rel=\"noopener noreferrer\">UCSLZ #1<\/a><\/li>\n<li><strong>J\u00e9r\u00f4me BIHAN<\/strong> &#8211; Dessinateur &amp; micro-\u00e9diteur chez <a href=\"http:\/\/radioaspaper.com\/\" target=\"_blank\" rel=\"noopener noreferrer\">RADIO AS PAPER<\/a> \u00e0 Toulouse (31) &#8211; <a href=\"http:\/\/uncanonsurlezinc.fr\/index.php\/2016\/12\/07\/emission-ucslz-1-du-07122016\/\" target=\"_blank\" rel=\"noopener noreferrer\">UCSLZ #1<\/a><\/li>\n<li><strong><a href=\"http:\/\/marklockett.com\/\" target=\"_blank\" rel=\"noopener noreferrer\">Mark LOCKETT<\/a><\/strong> &#8211; Musicien \u00e0 Limoux (11) &#8211; <a href=\"http:\/\/uncanonsurlezinc.fr\/index.php\/2017\/01\/04\/emission-ucslz-2\/\" target=\"_blank\" rel=\"noopener noreferrer\">UCSLZ #2<\/a> &amp; <a href=\"https:\/\/uncanonsurlezinc.fr\/index.php\/2022\/11\/28\/emission-ucslz-51\/\" target=\"_blank\" rel=\"noopener noreferrer\">UCSLZ #51<\/a><\/li>\n<li><strong>Willy MASSOLO<\/strong> &#8211; Boulanger dans la <a href=\"https:\/\/www.facebook.com\/Boulangerie-Bio-Les-7-%C3%89pis-Tarascon-1448869828730093\/?fref=ts\" target=\"_blank\" rel=\"noopener noreferrer\">BOULANGERIE LES 7 EPIS<\/a> &amp; batteur dans <a href=\"https:\/\/poutre.bandcamp.com\/\" target=\"_blank\" rel=\"noopener noreferrer\">POUTRE<\/a> \u00e0 Tarascon &amp; Arles (13) &#8211; <a href=\"http:\/\/uncanonsurlezinc.fr\/index.php\/2017\/01\/04\/emission-ucslz-2\/\" target=\"_blank\" rel=\"noopener noreferrer\">UCSLZ #2<\/a><\/li>\n<li><strong><a href=\"https:\/\/tombodlin.bandcamp.com\/\" target=\"_blank\" rel=\"noopener noreferrer\">Tom BODLIN<\/a><\/strong> &#8211; Saxophoniste dans <a href=\"https:\/\/soundcloud.com\/trombenantes\" target=\"_blank\" rel=\"noopener noreferrer\">TROMBE<\/a> &amp; le <a href=\"http:\/\/www.spatsonore.fr\/\" target=\"_blank\" rel=\"noopener noreferrer\">SPAT&rsquo; SONORE<\/a> et r\u00e9parateur d&rsquo;instruments \u00e0 vents \u00e0 <a href=\"http:\/\/latelier-nantes.com\/\" target=\"_blank\" rel=\"noopener noreferrer\">L&rsquo;ATELIER<\/a> \u00e0 Nantes (44) &#8211; <a href=\"http:\/\/uncanonsurlezinc.fr\/index.php\/2017\/02\/01\/emission-ucslz-3\/\" target=\"_blank\" rel=\"noopener noreferrer\">UCSLZ #3<\/a><\/li>\n<li><strong>Famille DEROY<\/strong> &#8211; Troupe famililale dans <a href=\"http:\/\/www.lecontoirdeambulatoire.fr\/\" target=\"_blank\" rel=\"noopener noreferrer\">LE CONTOIR DEAMBULATOIRE<\/a> \u00e0 Couffoulens (11) &#8211; <a href=\"http:\/\/uncanonsurlezinc.fr\/index.php\/2017\/02\/01\/emission-ucslz-3\/\" target=\"_blank\" rel=\"noopener noreferrer\">UCSLZ #3<\/a><\/li>\n<li><strong>Mayeul IRLINGER<\/strong> &#8211; Disquaire chez <a href=\"http:\/\/www.ex-vinylo.fr\/\" target=\"_blank\" rel=\"noopener noreferrer\">EX-VINYLO<\/a> et co-g\u00e9rant des labels <a href=\"https:\/\/www.facebook.com\/tomaturj\/?fref=ts\" target=\"_blank\" rel=\"noopener noreferrer\">TOMATURJ<\/a> et <a href=\"https:\/\/ootapes.bandcamp.com\/\" target=\"_blank\" rel=\"noopener noreferrer\">OO TAPES<\/a> \u00e0 Rabastens (81) &#8211; <a href=\"http:\/\/uncanonsurlezinc.fr\/index.php\/2017\/03\/01\/emission-ucslz-4\/\" target=\"_blank\" rel=\"noopener noreferrer\">UCSLZ #4<\/a><\/li>\n<li><a href=\"http:\/\/www.collectifitem.com\/jeremy-suyker\/\" target=\"_blank\" rel=\"noopener noreferrer\"><strong>Jeremy SUYKER<\/strong><\/a> &#8211; Journaliste\/reporter photographe ind\u00e9pendant et membre du <a href=\"http:\/\/www.collectifitem.com\/\" target=\"_blank\" rel=\"noopener noreferrer\">COLLECTIF ITEM<\/a> \u00e0 Lyon (69) &#8211; <a href=\"http:\/\/uncanonsurlezinc.fr\/index.php\/2017\/03\/01\/emission-ucslz-4\/\" target=\"_blank\" rel=\"noopener noreferrer\">UCSLZ #4<\/a><\/li>\n<li><strong>Marc CASTAN<\/strong> &#8211; Vigneron au <a href=\"https:\/\/www.facebook.com\/Domaine-Mamaruta-1910654325827126\/?fref=ts\" target=\"_blank\" rel=\"noopener noreferrer\">DOMAINE MAMARUTA<\/a> \u00e0 La Palme (11) &#8211; <a href=\"http:\/\/uncanonsurlezinc.fr\/index.php\/2017\/04\/05\/emission-ucslz-5\/\" target=\"_blank\" rel=\"noopener noreferrer\">UCSLZ #5<\/a> + <a href=\"http:\/\/uncanonsurlezinc.fr\/index.php\/2020\/03\/29\/emission-ucslz-32\/\" target=\"_blank\" rel=\"noopener noreferrer\">UCSLZ #32<\/a><\/li>\n<li><strong>Yohan &amp; Christophe GUINOT<\/strong> &#8211; Ostr\u00e9iculteur &amp; Restaurateur <a href=\"https:\/\/www.facebook.com\/Cul-dOursin-122785181122437\/\" target=\"_blank\" rel=\"noopener noreferrer\">CHEZ CUL D&rsquo;OURSIN<\/a> et <a href=\"https:\/\/www.facebook.com\/pages\/La-Cabane-Des-Tontons\/540195342769961?fref=ts\" target=\"_blank\" rel=\"noopener noreferrer\">LA CABANE DES TONTONS<\/a> \u00e0 Leucate (11) &#8211; <a href=\"http:\/\/uncanonsurlezinc.fr\/index.php\/2017\/04\/05\/emission-ucslz-5\/\" target=\"_blank\" rel=\"noopener noreferrer\">UCSLZ #5<\/a><\/li>\n<li><strong>Chris<\/strong> &#8211; Vigneron anarchiste du <a href=\"http:\/\/www.collectif-anonyme.org\/\" target=\"_blank\" rel=\"noopener noreferrer\">COLLECTIF ANONYME<\/a> \u00e0 Banyuls sur Mer (66) &#8211; <a href=\"http:\/\/uncanonsurlezinc.fr\/index.php\/2017\/05\/03\/emission-ucslz-6\/\" target=\"_blank\" rel=\"noopener noreferrer\">UCSLZ #6<\/a><\/li>\n<li><strong>Patrice DE BENEDETTI<\/strong> &#8211; Danseur de rue &amp; batteur dans <a href=\"https:\/\/congerconger.bandcamp.com\/\" target=\"_blank\" rel=\"noopener noreferrer\">CONGER! CONGER!<\/a> \u00e0 Marseille (13) &#8211; <a href=\"http:\/\/uncanonsurlezinc.fr\/index.php\/2017\/05\/03\/emission-ucslz-6\/\" target=\"_blank\" rel=\"noopener noreferrer\">UCSLZ #6<\/a><\/li>\n<li><strong>Jean-Andr\u00e9 MAGDALOU<\/strong> &#8211; Technicien scientifique dans la <a href=\"http:\/\/www.rnnmassane.fr\/\" target=\"_blank\" rel=\"noopener noreferrer\">RESERVE NATURELLE NATIONALE DE LA FOR\u00caT DE LA MASSANNE<\/a> \u00e0 Argel\u00e8s sur Mer (66) &#8211; <a href=\"http:\/\/uncanonsurlezinc.fr\/index.php\/2017\/06\/07\/emission-ucslz-7\/\" target=\"_blank\" rel=\"noopener noreferrer\">UCSLZ #7<\/a><\/li>\n<li><strong>Cyril CAUCAT<\/strong> &#8211; Disquaire &amp; g\u00e9rant du label chez <a href=\"http:\/\/www.arbouserecordings.com\/\" target=\"_blank\" rel=\"noopener noreferrer\">ARBOUSE RECORDINGS<\/a> \u00e0 Rodez (12) &#8211; <a href=\"http:\/\/uncanonsurlezinc.fr\/index.php\/2017\/06\/07\/emission-ucslz-7\/\" target=\"_blank\" rel=\"noopener noreferrer\">UCSLZ #7<\/a><\/li>\n<li><strong>Philippe A\u00cfNI<\/strong> &#8211; Artiste et propri\u00e9taire de la galerie <a href=\"https:\/\/www.google.fr\/url?sa=t&amp;rct=j&amp;q=&amp;esrc=s&amp;source=web&amp;cd=1&amp;cad=rja&amp;uact=8&amp;ved=0ahUKEwiNwq2nhJDWAhVHORQKHfkTAxgQFggnMAA&amp;url=http%3A%2F%2Fwww.lamaisonaini.com%2F&amp;usg=AFQjCNFQO6XN4vjikNRkzZXvd4BUnilzZQ\" target=\"_blank\" rel=\"noopener noreferrer\">LA MARGE<\/a> \u00e0 Servi\u00e8s-en-Val (11) &#8211; <a href=\"http:\/\/uncanonsurlezinc.fr\/index.php\/2017\/09\/07\/emission-ucslz-8\/\" target=\"_blank\" rel=\"noopener noreferrer\">UCSLZ #8<\/a><\/li>\n<li><strong>Alban MICHEL<\/strong> &#8211; Vigneron anarcho-naturel au domaine <a href=\"https:\/\/fr-fr.facebook.com\/alban.michel.9\" target=\"_blank\" rel=\"noopener noreferrer\">LES SABOTS D&rsquo;HELENE<\/a> \u00e0 Feuilla (11) &#8211; <a href=\"http:\/\/uncanonsurlezinc.fr\/index.php\/2017\/09\/07\/emission-ucslz-8\/\" target=\"_blank\" rel=\"noopener noreferrer\">UCSLZ #8<\/a><\/li>\n<li><strong>Camille ESCOUBET &amp; Sophie TORCHIA<\/strong>, imprimeurs \u00e0 l&rsquo;<a href=\"http:\/\/www.imprimerietrace.fr\/trace\/ACCUEIL.html\" target=\"_blank\" rel=\"noopener noreferrer\">IMPRIMERIE TRACE<\/a> et \u00e9diteurs chez <a href=\"http:\/\/www.superlotoeditions.fr\/\" target=\"_blank\" rel=\"noopener noreferrer\">SUPER LOTO EDITIONS<\/a> \u00e0 Concots (46) &#8211; <a href=\"http:\/\/uncanonsurlezinc.fr\/index.php\/2017\/10\/04\/emission-ucslz-9\/\" target=\"_blank\" rel=\"noopener noreferrer\">UCSLZ #9<\/a><\/li>\n<li><strong>Caroline OBIN<\/strong>, clown avec <a href=\"http:\/\/www.proserpine.fr\/\" target=\"_blank\" rel=\"noopener noreferrer\">PROSERPINE<\/a> \u00e0 Couffoulens (11) &#8211; <a href=\"http:\/\/uncanonsurlezinc.fr\/index.php\/2017\/10\/04\/emission-ucslz-9\/\" target=\"_blank\" rel=\"noopener noreferrer\">UCSLZ #9<\/a><\/li>\n<li><a href=\"https:\/\/www.flickr.com\/people\/22861288@N00\/\" target=\"_blank\" rel=\"noopener noreferrer\"><strong>David GENOUD<\/strong><\/a>, entomologiste sp\u00e9cialiste des abeilles sauvages \u00e0 Arzens (11) &#8211; <a href=\"http:\/\/uncanonsurlezinc.fr\/index.php\/2017\/11\/09\/emission-ucslz-10\/\" target=\"_blank\" rel=\"noopener noreferrer\">UCSLZ #10<\/a><\/li>\n<li><a href=\"http:\/\/wilfplum.com\/\" target=\"_blank\" rel=\"noopener noreferrer\"><strong>Wilf PLUM<\/strong><\/a>, multi-instrumentiste avec les groupes <a href=\"https:\/\/dogfacedhermans.bandcamp.com\/\" target=\"_blank\" rel=\"noopener noreferrer\">DOG FACED HERMANS<\/a>, <a href=\"http:\/\/www.twopindin.com\/\" target=\"_blank\" rel=\"noopener noreferrer\">TWO PIN DIN<\/a>, <a href=\"http:\/\/www.otpmd.ch\/news.html\" target=\"_blank\" rel=\"noopener noreferrer\">ORCHESTRE TOUT PUISSANT MARCEL DUCHAMP<\/a> \u00e0 Agen (47) &#8211; <a href=\"http:\/\/uncanonsurlezinc.fr\/index.php\/2017\/11\/09\/emission-ucslz-10\/\" target=\"_blank\" rel=\"noopener noreferrer\">UCSLZ #10<\/a><\/li>\n<li><strong>S\u00e9verine MONZIES &amp; Tiffen TOLNAY<\/strong>, mara\u00eechers en biodynamie au Pas del Roc, enregistr\u00e9 le 16 novembre 2017 \u00e0 Gabre en Ari\u00e8ge (09) &#8211; <a href=\"http:\/\/uncanonsurlezinc.fr\/index.php\/2017\/12\/13\/emission-ucslz-11\/\" target=\"_blank\" rel=\"noopener noreferrer\">UCSLZ #11<\/a><\/li>\n<li><strong>Isabelle DUFRANC<\/strong>, organisatrice &amp; <a href=\"http:\/\/www.stephaniedastugue.com\/\"><strong>St\u00e9phanie DASTUGUE<\/strong><\/a>, c\u00e9ramiste, au Mammouth Market \u00e0 Carcassonne (11). &#8211; <a href=\"http:\/\/uncanonsurlezinc.fr\/index.php\/2017\/12\/13\/emission-ucslz-11\/\" target=\"_blank\" rel=\"noopener noreferrer\">UCSLZ #11<\/a><\/li>\n<li><strong>Virginie GIRARD &amp; Jean-Fran\u00e7ois BOURDIC<\/strong>, \u00e9diteurs avec\u00a0<a href=\"http:\/\/fondeursdebriques.free.fr\/\" target=\"_blank\" rel=\"noopener noreferrer\">LES FONDEURS DE BRIQUES<\/a> \u00e0 Saint-Sulpice-La-Pointe (81) &#8211; <a href=\"http:\/\/uncanonsurlezinc.fr\/index.php\/2018\/01\/19\/emission-ucslz-12\/\" target=\"_blank\" rel=\"noopener noreferrer\">UCSLZ #12<\/a><\/li>\n<li><strong>Enzo<\/strong> de l&rsquo;association\/label <a href=\"http:\/\/atrdr.net\/\" target=\"_blank\" rel=\"noopener noreferrer\">A TANT REVER DU ROI<\/a> \u00e0 Pau et studio\/salle de concert <a href=\"https:\/\/www.google.fr\/url?sa=t&amp;rct=j&amp;q=&amp;esrc=s&amp;source=web&amp;cd=1&amp;ved=0ahUKEwiu6oflyeTYAhWLB8AKHYPmBjcQFgguMAA&amp;url=https%3A%2F%2Ffr-fr.facebook.com%2Fstudiolaferronnerie%2F&amp;usg=AOvVaw2O8ZbeUX9ywFAAlzU9N6Df\" target=\"_blank\" rel=\"noopener noreferrer\">LA FERRONNERIE<\/a> \u00e0 Juran\u00e7on (64) &#8211; <a href=\"http:\/\/uncanonsurlezinc.fr\/index.php\/2018\/01\/19\/emission-ucslz-12\/\" target=\"_blank\" rel=\"noopener noreferrer\">UCSLZ #12<\/a><\/li>\n<li><a href=\"http:\/\/www.proserpine.fr\/\" target=\"_blank\" rel=\"noopener noreferrer\"><strong>Proserpine<\/strong><\/a>, clown \u00e0 Couffoulens (11) &#8211; <a href=\"http:\/\/uncanonsurlezinc.fr\/index.php\/2018\/02\/14\/emission-ucslz-13\/\" target=\"_blank\" rel=\"noopener noreferrer\">UCSLZ #13<\/a><\/li>\n<li><strong>Jean-Marc GRUSSAUTE<\/strong>, vigneron au domaine <a href=\"http:\/\/www.caminlarredya.fr\/\" target=\"_blank\" rel=\"noopener noreferrer\">CAMIN LARREDYA<\/a> \u00e0 Juran\u00e7on (64) &#8211; <a href=\"http:\/\/uncanonsurlezinc.fr\/index.php\/2018\/02\/14\/emission-ucslz-13\/\" target=\"_blank\" rel=\"noopener noreferrer\">UCSLZ #13<\/a><\/li>\n<li><strong>S\u00e9bastien RADIX<\/strong>, musicien lyonnais et one-man band autonome avec <a href=\"http:\/\/sebandtherhaadicks.tumblr.com\/\" target=\"_blank\" rel=\"noopener noreferrer\">SEB &amp; THE RH\u00c2\u00c2\u00c2 DICKS<\/a>, \u00e0 Raissac sur Lampy (11) &#8211; <a href=\"http:\/\/uncanonsurlezinc.fr\/index.php\/2018\/03\/19\/emission-ucslz-14\/\" target=\"_blank\" rel=\"noopener noreferrer\">UCSLZ #14<\/a><\/li>\n<li><strong>Salom\u00e9 POREAU<\/strong> et <strong>Cl\u00e9ment CHAPUS<\/strong>, g\u00e9rants du <a href=\"https:\/\/www.facebook.com\/ComptoirLudique\/\" target=\"_blank\" rel=\"noopener noreferrer\">COMPTOIR LUDIQUE<\/a>, \u00e0 Carcassonne (11) &#8211; <a href=\"http:\/\/uncanonsurlezinc.fr\/index.php\/2018\/03\/19\/emission-ucslz-14\/\" target=\"_blank\" rel=\"noopener noreferrer\">UCSLZ #14<\/a><\/li>\n<li><strong>Pierre-Marie CAMPER<\/strong>, disquaire caf\u00e9 ind\u00e9pendant et itin\u00e9rant avec <a href=\"https:\/\/le-percolateur.fr\/\" target=\"_blank\" rel=\"noopener noreferrer\">LE PERCOLATEUR<\/a> \u00e0 Portel des Corbi\u00e8res (11) &#8211; <a href=\"http:\/\/uncanonsurlezinc.fr\/index.php\/2018\/04\/17\/emission-ucslz-15\/\" target=\"_blank\" rel=\"noopener noreferrer\">UCSLZ #15<\/a><\/li>\n<li><strong>Yoann CAHUE<\/strong>, ostr\u00e9iculteur et \u00e9leveur d&rsquo;hu\u00eetres naturelles chez <a href=\"http:\/\/www.huitres-cancale.fr\/\" target=\"_blank\" rel=\"noopener noreferrer\">HU\u00ceTRES CAHUE<\/a> \u00e0 Saint-M\u00e9loir des Ondes (35) &#8211; <a href=\"http:\/\/uncanonsurlezinc.fr\/index.php\/2018\/04\/17\/emission-ucslz-15\/\" target=\"_blank\" rel=\"noopener noreferrer\">UCSLZ #15<\/a><\/li>\n<li><strong>David FRIN<\/strong> <strong>&amp; H\u00e9l\u00e8ne LE CORRE<\/strong>, co-membres du label <a href=\"https:\/\/kerviniourecordz.bandcamp.com\/\" target=\"_blank\" rel=\"noopener noreferrer\">KERVINIOU RECORDZ<\/a>, de l\u2019association <a href=\"http:\/\/kfuel.org\/\" target=\"_blank\" rel=\"noopener noreferrer\">KFUEL<\/a>, de l\u2019\u00e9mission <a href=\"http:\/\/kfuel.org\/category\/radio\/\" target=\"_blank\" rel=\"noopener noreferrer\">KEROZENE<\/a> et <a href=\"https:\/\/mistressbombh.bandcamp.com\/\" target=\"_blank\" rel=\"noopener noreferrer\">MISTRESS BOMB H<\/a> pour H\u00e9l\u00e8ne \u00e0 Rennes (35) &#8211; <a href=\"http:\/\/uncanonsurlezinc.fr\/index.php\/2018\/05\/20\/emission-ucslz-16\/\" target=\"_blank\" rel=\"noopener noreferrer\">UCSLZ #16<\/a><\/li>\n<li><strong>Emmanuelle BERNIER<\/strong>,<span id=\"cch_f130351b40c4ba2\" class=\"_mh6 _wsc\"><span class=\"_3oh- _58nk\"> cultivatrice et berg\u00e8re \u00e0 <a href=\"https:\/\/www.lacabaneduberger.net\/\" target=\"_blank\" rel=\"noopener noreferrer\">LA CABANE DU BERGER<\/a> \u00e0 Fontjoncouse (11) &#8211; <a href=\"http:\/\/uncanonsurlezinc.fr\/index.php\/2018\/05\/20\/emission-ucslz-16\/\" target=\"_blank\" rel=\"noopener noreferrer\">UCSLZ #16<\/a><br \/><\/span><\/span><\/li>\n<li><strong>Yves-Marie LE LAY<\/strong>, pr\u00e9sident de l\u2019association <a href=\"http:\/\/www.alguesvertes.fr\/\" target=\"_blank\" rel=\"noopener noreferrer\">SAUVEGARDE DU TREGOR<\/a> et co-pr\u00e9sident de l\u2019association <a href=\"https:\/\/www.halteauxmareesvertes.org\" target=\"_blank\" rel=\"noopener noreferrer\">HALTE AUX MAR\u00c9ES VERTES\u00a0<\/a>\u00e0 Locquirec (29) &#8211; <a href=\"http:\/\/uncanonsurlezinc.fr\/index.php\/2018\/05\/20\/emission-ucslz-16\/\" target=\"_blank\" rel=\"noopener noreferrer\">UCSLZ #16<\/a> &amp; <a href=\"http:\/\/uncanonsurlezinc.fr\/index.php\/2018\/07\/04\/emission-ucslz-17\/\" target=\"_blank\" rel=\"noopener noreferrer\">UCSLZ #17<\/a><\/li>\n<li><strong>Fran\u00e7ois IZAMBERT<\/strong>,\u00a0<a href=\"http:\/\/www.pisciculturedelafajolle.com\/\" target=\"_blank\" rel=\"noopener noreferrer\">PISCICULTEUR A LA FAJOLLE<\/a> (11) &#8211; <a href=\"http:\/\/uncanonsurlezinc.fr\/index.php\/2018\/07\/04\/emission-ucslz-17\/\" target=\"_blank\" rel=\"noopener noreferrer\">UCSLZ #17<\/a><\/li>\n<li><strong>Michel SOULES<\/strong>, maire de <a href=\"https:\/\/www.berriac.fr\/\" target=\"_blank\" rel=\"noopener noreferrer\">BERRIAC<\/a>, \u00e0 Carcassonne (11) &#8211; <a href=\"http:\/\/uncanonsurlezinc.fr\/index.php\/2018\/07\/04\/emission-ucslz-17\/\" target=\"_blank\" rel=\"noopener noreferrer\">UCSLZ #17<\/a><\/li>\n<li><strong>Herv\u00e9 LOQUAIS<\/strong>, membre du collectif <a href=\"http:\/\/www.sdn11.fr\/\" target=\"_blank\" rel=\"noopener noreferrer\">SORTIR DU NUCL\u00c9AIRE AUDE<\/a> \u00e0 Carcassonne (11) &#8211; <a href=\"http:\/\/uncanonsurlezinc.fr\/index.php\/2018\/09\/05\/emission-ucslz-18\/\" target=\"_blank\" rel=\"noopener noreferrer\">UCSLZ #18<\/a><\/li>\n<li><strong>Jean-Marc GAZEL<\/strong>, liquoriste aux Ets CABANEL \u00e0 Carcassonne (11) &#8211; <a href=\"http:\/\/uncanonsurlezinc.fr\/index.php\/2018\/09\/05\/emission-ucslz-18\/\" target=\"_blank\" rel=\"noopener noreferrer\">UCSLZ #18<\/a><\/li>\n<li><strong>St\u00e9phanie MAUBE<\/strong>, berg\u00e8re \u00e0 <a href=\"http:\/\/www.lacotentinemoderne.fr\/\" target=\"_blank\" rel=\"noopener noreferrer\">LA CONTENTINE MODERNE<\/a> \u00e0 Saint-Germain-sur-Ay (50) &#8211; <a href=\"http:\/\/uncanonsurlezinc.fr\/index.php\/2018\/10\/07\/emission-ucslz-19\/\" target=\"_blank\" rel=\"noopener noreferrer\">UCSLZ #19<\/a><\/li>\n<li><strong>Florence ROBERT<\/strong>, berg\u00e8re, \u00e9crivaine sur <a href=\"https:\/\/l.facebook.com\/l.php?u=http%3A%2F%2Fbellesgarrigues.org%2F&amp;h=AT0QHDHQHMhSRwOJFMk69iy2xTZdJO_vEjvigpqGJCi0xJAweFbDN2Rwa2M3gSj6_w6BiQgKFGh0elF210bnOFTlWX222PO7GMXpPAjw4N-u0v8w45iSteUxk1Isrj0lMfLveB4\" target=\"_blank\" rel=\"noopener noreferrer\">BELLES GARRIGUES<\/a> et \u00e9ditrice chez <a href=\"http:\/\/www.vertvif.fr\/accueil-articles\/\" target=\"_blank\" rel=\"noopener noreferrer\">VERT VIF<\/a> \u00e0 Albas (11) &#8211; <a href=\"http:\/\/uncanonsurlezinc.fr\/index.php\/2018\/10\/07\/emission-ucslz-19\/\" target=\"_blank\" rel=\"noopener noreferrer\">UCSLZ #19<\/a><\/li>\n<li><strong>Maxim CAIN<\/strong>, berger saisonnier en estive dans le Couserans (11) &#8211; <a href=\"http:\/\/uncanonsurlezinc.fr\/index.php\/2018\/10\/07\/emission-ucslz-19\/\" target=\"_blank\" rel=\"noopener noreferrer\">UCSLZ #19<\/a><\/li>\n<li><strong>Marc PION<\/strong>, paysan breton et conf\u00e9rencier gesticulant avec <a href=\"http:\/\/du-tracteur-a-l-ane.blogspot.com\/\" target=\"_blank\" rel=\"noopener noreferrer\">\u201cDU TRACTEUR A L&rsquo;\u00c2NE\u201d<\/a> \u00e0 Concarneau (29) &#8211; <a href=\"http:\/\/uncanonsurlezinc.fr\/index.php\/2018\/11\/14\/emission-ucslz-20\/\" target=\"_blank\" rel=\"noopener noreferrer\">UCSLZ #20<\/a><\/li>\n<li><strong>Eric MAHE<\/strong>, graphiste \u00e0 <a href=\"http:\/\/atelierdubourg.fr\/adb\/\" target=\"_blank\" rel=\"noopener noreferrer\">l\u2019ATELIER DU BOURG<\/a> &amp; <a href=\"https:\/\/atelierimprimerie.wordpress.com\/\" target=\"_blank\" rel=\"noopener noreferrer\">l\u2019ATELIER IMPRIMERIE<\/a> regroup\u00e9s en association avec <a href=\"http:\/\/www.lemarchenoir.org\" target=\"_blank\" rel=\"noopener noreferrer\">Le March\u00e9 Noir<\/a> \u00e0 Rennes (35) &#8211; <a href=\"http:\/\/uncanonsurlezinc.fr\/index.php\/2018\/11\/14\/emission-ucslz-20\/\" target=\"_blank\" rel=\"noopener noreferrer\">UCSLZ #20<\/a><\/li>\n<li><a href=\"https:\/\/davidsamblanet.com\/\"><strong>David SAMBLANET<\/strong><\/a>, photographe \u00e0 Talairan (11) &#8211; <a href=\"http:\/\/uncanonsurlezinc.fr\/index.php\/2018\/12\/07\/emission-ucslz-21\/\">UCSLZ #21<\/a><\/li>\n<li><strong>Melchior LABOISSIERE<\/strong> &amp; <strong>Ulysse ROBIN<\/strong>, bergers chez <a href=\"https:\/\/www.facebook.com\/lOdysseedesbergers\/\" target=\"_blank\" rel=\"noreferrer noopener\" aria-label=\"Rencontre avec Melchior LABOISSIERE &amp; Ulysse ROBIN, bergers chez l'Odyss\u00e9e des Bergers \u00e0 Ribouisse (11).\n (s\u2019ouvre dans un nouvel onglet)\">L\u2019ODYSSEE DES BERGERS<\/a> \u00e0 Ribouisse (11) &#8211; <a href=\"http:\/\/uncanonsurlezinc.fr\/index.php\/2018\/12\/07\/emission-ucslz-21\/\">UCSLZ #21<\/a><\/li>\n<li><strong>Quentin DELIGNE<\/strong>, guitariste dans <a href=\"https:\/\/tomorrowisthemorrow.bandcamp.com\/\" target=\"_blank\" rel=\"noreferrer noopener\" aria-label=\"Rencontre avec Quentin DELIGNE, apiculteur en Ari\u00e8ge et guitariste dans TOMORROW IS THE MORROW (entre autres...), enregistr\u00e9 le 11 octobre 2018 pr\u00e8s de Foix (09).\n (s\u2019ouvre dans un nouvel onglet)\">TOMORROW IS THE MORROW<\/a> (entre autres\u2026) &amp; apiculteur \u00e0 Varilhes (09) &#8211; <a href=\"http:\/\/uncanonsurlezinc.fr\/index.php\/2018\/12\/07\/emission-ucslz-21\/\">UCSLZ #21<\/a><\/li>\n<li><strong>Thierry RUTKOWSKI<\/strong>, co-pr\u00e9sident de la <a href=\"https:\/\/aude.lpo.fr\/\">LPO AUDE<\/a> \u00e0 Bugarach (11) &#8211; <a href=\"http:\/\/uncanonsurlezinc.fr\/index.php\/2019\/01\/20\/emission-ucslz-22\/\">UCSLZ #22<\/a><\/li>\n<li><strong>Laura LEES &amp; Arthur JOLY<\/strong>, n\u00e9o-vignerons au DOMAINE LA ROUGE \u00e0 Villerouge-des-Corbi\u00e8res (11) &#8211; <a href=\"http:\/\/uncanonsurlezinc.fr\/index.php\/2019\/01\/20\/emission-ucslz-22\/\">UCSLZ #22<\/a><\/li>\n<li><strong>Ga\u00ebtan DU BUS DE WARNAFFE<\/strong>, ing\u00e9nieur forestier, conseiller\/gestionnaire chez <a href=\"http:\/\/gestion-forestiere-sud.com\/\" target=\"_blank\" rel=\"noreferrer noopener\" aria-label=\"ARBRE ET BOIS CONSEIL (s\u2019ouvre dans un nouvel onglet)\">ARBRE ET BOIS CONSEIL<\/a> et militant chez <a href=\"http:\/\/alternativesforestieres.org\/\" target=\"_blank\" rel=\"noreferrer noopener\" aria-label=\"R\u00c9SEAU POUR LES ALTERNATIVES FORESTI\u00c8RES (s\u2019ouvre dans un nouvel onglet)\">R\u00c9SEAU POUR LES ALTERNATIVES FORESTI\u00c8RES<\/a> &#8211; <a href=\"http:\/\/uncanonsurlezinc.fr\/index.php\/2019\/01\/20\/emission-ucslz-22\/\">UCSLZ #22<\/a><\/li>\n<li><strong>Bruno GODIVIER<\/strong>, directeur du <a href=\"http:\/\/www.musee-robert-tatin.fr\/\">MUS\u00c9E ROBERT TATIN<\/a> \u00e0 Coss\u00e9-le-Vivien (53) &#8211; <a href=\"http:\/\/uncanonsurlezinc.fr\/index.php\/2019\/02\/11\/emission-ucslz-23\/\">UCSLZ #23<\/a><\/li>\n<li><strong>Eve THION<\/strong>, safrani\u00e8re au <a href=\"https:\/\/www.domainedesmassols.com\/fr-le-domaine\">DOMAINE DES MASSOLS<\/a> \u00e0 Marsa (11) &#8211; <a href=\"http:\/\/uncanonsurlezinc.fr\/index.php\/2019\/02\/11\/emission-ucslz-23\/\">UCSLZ #23<\/a><\/li>\n<li><strong>Jean-Jacques GANDINI<\/strong>, avocat, journaliste, militant anarchiste et fondateur de la revue libertaire <a href=\"https:\/\/refractions.plusloin.org\/\">R\u00c9FRACTIONS<\/a> \u00e0 Montpellier (34) &#8211; <a href=\"http:\/\/uncanonsurlezinc.fr\/index.php\/2019\/02\/11\/emission-ucslz-23\/\">UCSLZ #23<\/a><\/li>\n<li><strong>Pierre SOJDRUG<\/strong>, fondateur du label <a href=\"https:\/\/popsuperette.com\/\" target=\"_blank\" rel=\"noreferrer noopener\" aria-label=\"Pop Sup\u00e9rette (s\u2019ouvre dans un nouvel onglet)\">POP SUPERETTE<\/a> \u00e0 Toulouse (31) &#8211; <a href=\"http:\/\/uncanonsurlezinc.fr\/index.php\/2019\/03\/09\/emission-ucslz-24\/\" target=\"_blank\" rel=\"noopener noreferrer\">UCSLZ #24<\/a><\/li>\n<li><strong>Myrtha ZIEROCK<\/strong>, mara\u00eech\u00e8re et fille de vigneronne sur le domaine <a href=\"http:\/\/www.elisabettaforadori.com\/\" target=\"_blank\" rel=\"noreferrer noopener\" aria-label=\"FORADORI (s\u2019ouvre dans un nouvel onglet)\">FORADORI<\/a> dans les Dolomites en Italie &#8211; <a href=\"http:\/\/uncanonsurlezinc.fr\/index.php\/2019\/03\/09\/emission-ucslz-24\/\" target=\"_blank\" rel=\"noopener noreferrer\">UCSLZ #24<\/a><\/li>\n<li><strong>Ana MINSKI<\/strong>, artiste &amp; militante du mouvement <a href=\"https:\/\/deepgreenresistance.fr\/\" target=\"_blank\" rel=\"noopener noreferrer\">DEEP GREEN RESISTANCE<\/a> \u00e0 Toulouse (31)- <a href=\"http:\/\/uncanonsurlezinc.fr\/index.php\/2019\/04\/13\/emission-ucslz-25\/\" target=\"_blank\" rel=\"noopener noreferrer\">UCSLZ #25<\/a><\/li>\n<li><strong>Edith BRISSIAUD<\/strong>, boulang\u00e8re \u00e0 Narbonne (11] &#8211; <a href=\"http:\/\/uncanonsurlezinc.fr\/index.php\/2019\/04\/13\/emission-ucslz-25\/\" target=\"_blank\" rel=\"noopener noreferrer\">UCSLZ #25<\/a><\/li>\n<li><strong>Beno\u00eet BORIES<\/strong>, documentariste et artiste sonore, membre de l&rsquo;association de cr\u00e9ations sonores <a href=\"http:\/\/faidosonore.net\/\" target=\"_blank\" rel=\"noopener noreferrer\">FA\u00cfDOS SONORE<\/a> \u00e0 Toulouse (31) &#8211; <a href=\"http:\/\/uncanonsurlezinc.fr\/index.php\/2019\/05\/30\/emission-ucslz-26\/\" target=\"_blank\" rel=\"noopener noreferrer\">UCSLZ #26<\/a><\/li>\n<li><strong>Sylvie GOUT<\/strong>, amandicultrice (11) &#8211; <a href=\"http:\/\/uncanonsurlezinc.fr\/index.php\/2019\/05\/30\/emission-ucslz-26\/\" target=\"_blank\" rel=\"noopener noreferrer\">UCSLZ #26<\/a><\/li>\n<li><a href=\"http:\/\/www.felixblume.com\/\" target=\"_blank\" rel=\"noopener noreferrer\"><strong>F\u00e9lix BLUME<\/strong><\/a>, artiste sonore et ing\u00e9nieur du son ind\u00e9pendant au Seuil de naurouze \u00e0 Montferrand (11) &#8211; <a href=\"http:\/\/uncanonsurlezinc.fr\/index.php\/2019\/05\/30\/emission-ucslz-26\/\" target=\"_blank\" rel=\"noopener noreferrer\">UCSLZ #26<\/a><\/li>\n<li><strong>Romain HUTEAU<\/strong>, \u00e0 l&rsquo;initiative de la r\u00e9sidence <a href=\"https:\/\/residencemilleplateaux.wordpress.com\/\" target=\"_blank\" rel=\"noopener noreferrer\">1000 PLATEAUX<\/a> \u00e0 Taurize (11) &#8211; <a href=\"http:\/\/uncanonsurlezinc.fr\/index.php\/2019\/06\/30\/emission-ucslz-27\/\" target=\"_blank\" rel=\"noopener noreferrer\">UCSLZ #27<\/a><\/li>\n<li><a href=\"http:\/\/sylverepetit.com\/\" target=\"_blank\" rel=\"noopener noreferrer\"><strong>Sylv\u00e8re PETIT<\/strong><\/a>, r\u00e9alisateur, photographe et metteur en sc\u00e8ne (11) &#8211; <a href=\"http:\/\/uncanonsurlezinc.fr\/index.php\/2019\/06\/30\/emission-ucslz-27\/\" target=\"_blank\" rel=\"noopener noreferrer\">UCSLZ #27<\/a><\/li>\n<li><strong>Fran\u00e7ois ESPUCHE<\/strong> de l&rsquo;<a href=\"https:\/\/www.gratte-papiers.org\/\" target=\"_blank\" rel=\"noopener noreferrer\">ASSOCIATION GRATTE-PAPIERS<\/a> \u00e0 Limousis (11) &#8211; <a href=\"http:\/\/uncanonsurlezinc.fr\/index.php\/2019\/11\/07\/emission-ucslz-28\/\" target=\"_blank\" rel=\"noopener noreferrer\">UCSLZ #28<\/a> &amp; <a href=\"http:\/\/uncanonsurlezinc.fr\/index.php\/2019\/12\/23\/emission-ucslz-29\/\" target=\"_blank\" rel=\"noopener noreferrer\">UCSLZ #29<\/a><\/li>\n<li><strong>Herv\u00e9 PUJOL<\/strong>, ing\u00e9nieur de recherche au <a href=\"https:\/\/lejournal.cnrs.fr\/auteurs\/herve-pujol\" target=\"_blank\" rel=\"noopener noreferrer\">CNRS<\/a> \u00e0 Montpellier (34) &#8211;<\/li>\n<li><a href=\"http:\/\/uncanonsurlezinc.fr\/index.php\/2019\/11\/07\/emission-ucslz-28\/\" target=\"_blank\" rel=\"noopener noreferrer\">UCSLZ #28<\/a> &amp; <a href=\"http:\/\/uncanonsurlezinc.fr\/index.php\/2019\/12\/23\/emission-ucslz-29\/\" target=\"_blank\" rel=\"noopener noreferrer\">UCSLZ #29<\/a><\/li>\n<li><a href=\"https:\/\/vimeo.com\/305318731\" target=\"_blank\" rel=\"noopener noreferrer\"><strong>Martin BEAUJOUAN<\/strong><\/a>, parapentiste hors norme (11) &#8211; <a href=\"http:\/\/uncanonsurlezinc.fr\/index.php\/2019\/12\/23\/emission-ucslz-29\/\" target=\"_blank\" rel=\"noopener noreferrer\">UCSLZ #29<\/a><\/li>\n<li><strong>Emma FARINAS<\/strong>, <strong>Ugo ZANUTTO<\/strong> &amp; <strong>Catherine LAFONT <\/strong>du collectif de cin\u00e9aste toulousain, <a href=\"http:\/\/www.leszoomsverts.net\/\" target=\"_blank\" rel=\"noopener noreferrer\">les Zooms Verts<\/a> \u00e0 Montlaur (11) &#8211; <a href=\"http:\/\/uncanonsurlezinc.fr\/index.php\/2020\/01\/25\/emission-ucslz-30\/\" target=\"_blank\" rel=\"noopener noreferrer\">UCSLZ #30<\/a><\/li>\n<li><strong>Charles GODRON<\/strong>, responsable communication de <a href=\"https:\/\/lacagette-coop.fr\/?PagePrincipale\" target=\"_blank\" rel=\"noreferrer noopener\" aria-label=\"La Cagette (s\u2019ouvre dans un nouvel onglet)\">La Cagette<\/a> \u00e0 Montpellier (34) &#8211; <a href=\"http:\/\/uncanonsurlezinc.fr\/index.php\/2020\/03\/02\/emission-ucslz-31\/\" target=\"_blank\" rel=\"noopener noreferrer\">UCSLZ #31<\/a><\/li>\n<li><strong>Guilhem MOLLERA<\/strong>, gestionnaire d&rsquo;espaces naturels au <a href=\"https:\/\/www.parc-naturel-narbonnaise.fr\/\" target=\"_blank\" rel=\"noreferrer noopener\" aria-label=\"Parc naturel r\u00e9gional de la Narbonnaise en M\u00e9diterran\u00e9e (s\u2019ouvre dans un nouvel onglet)\">Parc naturel r\u00e9gional de la Narbonnaise en M\u00e9diterran\u00e9e<\/a> &#8211; <a href=\"http:\/\/uncanonsurlezinc.fr\/index.php\/2020\/03\/02\/emission-ucslz-31\/\" target=\"_blank\" rel=\"noopener noreferrer\">UCSLZ #31<\/a><\/li>\n<li><strong>Karine &amp; Nicolas MIROUZE<\/strong>, vignerons au <a href=\"https:\/\/beauregard-mirouze.com\/\" target=\"_blank\" rel=\"noopener noreferrer\">Ch\u00e2teau Beauregard-Mirouze<\/a> \u00e0 Bizanet (11) &#8211; UCSLZ #32<\/li>\n<li><a href=\"https:\/\/osez-agroecologie.org\/paturage-cultures-perennes-regard-arnaud-dufils\" target=\"_blank\" rel=\"noopener noreferrer\"><strong>Arnaud DUFILS<\/strong><\/a>, ing\u00e9nieur \u00e0 l&rsquo;INRA \u00e0 Avignon (84) &#8211; <a href=\"http:\/\/uncanonsurlezinc.fr\/index.php\/2020\/03\/29\/emission-ucslz-32\/\" target=\"_blank\" rel=\"noopener noreferrer\">UCSLZ #32<\/a><\/li>\n<li><strong>Manuel BOURRIEAU<\/strong>, pr\u00e9sident de l&rsquo;association <a href=\"https:\/\/epops-biodiversite.com\/\" target=\"_blank\" rel=\"noopener noreferrer\">Epops-Biodiversit\u00e9<\/a> \u00e0 Argens-Minervois (11) &#8211; <a href=\"http:\/\/uncanonsurlezinc.fr\/index.php\/2020\/03\/29\/emission-ucslz-32\/\" target=\"_blank\" rel=\"noopener noreferrer\">UCSLZ #32<\/a><\/li>\n<li><strong>Dominique CLEMENT<\/strong>, ornithologue et coordinateur \u00e0 l&rsquo;association <a href=\"http:\/\/www.aude-nature.com\/\" target=\"_blank\" rel=\"noopener noreferrer\">Aude Nature<\/a> &#8211; <a href=\"http:\/\/uncanonsurlezinc.fr\/index.php\/2020\/03\/29\/emission-ucslz-32\/\" target=\"_blank\" rel=\"noopener noreferrer\">UCSLZ #32<\/a><\/li>\n<li><strong>Margot COURTILLAT<\/strong>, titulaire d&rsquo;un doctorat en oc\u00e9anographie et membre du <a href=\"https:\/\/cefrem.univ-perp.fr\/\" target=\"_blank\" rel=\"noopener noreferrer\">CEFREM<\/a> \u00e0 Perpignan (66) &#8211; <a href=\"http:\/\/uncanonsurlezinc.fr\/index.php\/2020\/04\/25\/emission-ucslz-33\/\" target=\"_blank\" rel=\"noopener noreferrer\">UCSLZ #33<\/a><\/li>\n<li><strong>Jean-Luc FAYOS<\/strong>, dirigeant de la <a href=\"https:\/\/www.portmahonsigean.fr\/\" target=\"_blank\" rel=\"noreferrer noopener\">base nautique de Port-Mahon<\/a> et moniteur de voile \u00e0 Sigean (11) &#8211; <a href=\"http:\/\/uncanonsurlezinc.fr\/index.php\/2020\/04\/25\/emission-ucslz-33\/\" target=\"_blank\" rel=\"noopener noreferrer\">UCSLZ #33<\/a><\/li>\n<li><a href=\"https:\/\/bellesgarrigues.org\/\" target=\"_blank\" rel=\"noreferrer noopener\"><strong>Florence ROBERT<\/strong><\/a>, berg\u00e8re et \u00e9crivaine \u00e0 Albas (11) &#8211; <a href=\"http:\/\/uncanonsurlezinc.fr\/index.php\/2020\/10\/14\/emission-ucslz-36\/\" target=\"_blank\" rel=\"noopener noreferrer\">UCSLZ #36<\/a><\/li>\n<li><strong>Edith LLATAS<\/strong>, animatrice radio &#8211; <a href=\"http:\/\/uncanonsurlezinc.fr\/index.php\/2020\/10\/14\/emission-ucslz-36\/\" target=\"_blank\" rel=\"noopener noreferrer\">UCSLZ #36<\/a><\/li>\n<li><strong>Johan TETE<\/strong>, n\u00e9o-vigneron bio \u00e0 Eclassan (07) &#8211; <a href=\"http:\/\/uncanonsurlezinc.fr\/index.php\/2020\/10\/14\/emission-ucslz-36\/\" target=\"_blank\" rel=\"noopener noreferrer\">UCSLZ #36<\/a><\/li>\n<li><strong>Laurent<\/strong>, gardien de phare \u00e0 Leucate (11) &#8211; <a href=\"http:\/\/uncanonsurlezinc.fr\/index.php\/2020\/11\/28\/emission-ucslz-37\/\" target=\"_blank\" rel=\"noopener noreferrer\">UCSLZ #37<\/a><\/li>\n<li><a href=\"https:\/\/www.vinsnaturels.fr\/003_viticulteurs\/Rh%C3%B4ne-Philippe-Badea-Philippe-Badea-574.html\" target=\"_blank\" rel=\"noopener noreferrer\"><strong>Philippe BADEA<\/strong><\/a>, vigneron \u00e0 Tulette (26) &#8211; <a href=\"http:\/\/uncanonsurlezinc.fr\/index.php\/2020\/11\/28\/emission-ucslz-37\/\" target=\"_blank\" rel=\"noopener noreferrer\">UCSLZ #37<\/a><\/li>\n<li><strong><a href=\"https:\/\/www.editionsdelacerise.com\/auteur\/guillaume-trouillard\" target=\"_blank\" rel=\"noreferrer noopener\">Guillaume TROUILLARD<\/a><\/strong>, dessinateur et taulier des <a href=\"https:\/\/www.editionsdelacerise.com\/\" target=\"_blank\" rel=\"noreferrer noopener\">\u00c9ditions de la Cerise<\/a> au t\u00e9l\u00e9phone &#8211; <a href=\"http:\/\/uncanonsurlezinc.fr\/index.php\/2021\/01\/10\/emission-ucslz-38\/\" target=\"_blank\" rel=\"noopener noreferrer\">UCSLZ #38<\/a><\/li>\n<li><strong>C\u00e9dric LE BLOAS<\/strong>, cidiriculteur \u00e0 la <a href=\"https:\/\/www.cidrebio.com\/\" target=\"_blank\" rel=\"noopener noreferrer\">Cidrerie du Leguer<\/a> \u00e0 Lannion (22) &#8211; <a href=\"http:\/\/uncanonsurlezinc.fr\/index.php\/2021\/01\/10\/emission-ucslz-38\/\" target=\"_blank\" rel=\"noopener noreferrer\">UCSLZ #38<\/a><\/li>\n<li><a href=\"http:\/\/benjaminmaumus.blogspot.com\/\" target=\"_blank\" rel=\"noopener noreferrer\"><strong>Benjamin MAUMUS,<\/strong><\/a> preneur de son, artiste et producteur au t\u00e9l\u00e9phone &#8211; <a href=\"http:\/\/uncanonsurlezinc.fr\/index.php\/2021\/01\/10\/emission-ucslz-38\/\" target=\"_blank\" rel=\"noopener noreferrer\">UCSLZ #38<\/a><\/li>\n<li><strong><a href=\"https:\/\/twitter.com\/larreremathilde?lang=fr\" target=\"_blank\" rel=\"noreferrer noopener\">Mathilde LARRERE<\/a><\/strong>, historienne des r\u00e9volutions et de la citoyennet\u00e9, enseignante et militante f\u00e9ministe au t\u00e9l\u00e9phone &#8211; <a href=\"http:\/\/uncanonsurlezinc.fr\/index.php\/2021\/02\/21\/emission-ucslz-39\/\" target=\"_blank\" rel=\"noopener\">UCSLZ #39<\/a><\/li>\n<li><strong>Julien SCHNEIDER<\/strong>, p\u00eacheur passionn\u00e9 par le lac d&rsquo;Aiguebelette et sa faune aquatique &#8211; <a href=\"http:\/\/uncanonsurlezinc.fr\/index.php\/2021\/02\/21\/emission-ucslz-39\/\" target=\"_blank\" rel=\"noopener\">UCSLZ #39<\/a><\/li>\n<li><strong><a href=\"https:\/\/www.palimeursault.net\/\" target=\"_blank\" rel=\"noreferrer noopener\">Pali MEURSAULT<\/a><\/strong><strong>,<\/strong> artiste sonore et compositeur \u00e9lectroacoustique au t\u00e9l\u00e9phone &#8211; <a href=\"https:\/\/uncanonsurlezinc.fr\/index.php\/2021\/04\/09\/emission-ucslz-40\/\" target=\"_blank\" rel=\"noopener\">UCSLZ #40<\/a><\/li>\n<li><strong><a href=\"http:\/\/audreyvernon.com\/\" target=\"_blank\" rel=\"noreferrer noopener\">Audrey VERNON<\/a><\/strong>, com\u00e9dienne humoriste et \u00ab\u00a0one woman show\u00a0\u00bb satirique au t\u00e9l\u00e9phone &#8211; <a href=\"https:\/\/uncanonsurlezinc.fr\/index.php\/2021\/05\/30\/emission-ucslz-41\/\" target=\"_blank\" rel=\"noopener\">UCSLZ #41<\/a><\/li>\n<li><strong>Yan LESPOUX<\/strong>, auteur audois \u00e0 Carcassonne (11) &#8211; <a href=\"https:\/\/uncanonsurlezinc.fr\/index.php\/2021\/05\/30\/emission-ucslz-41\/\" target=\"_blank\" rel=\"noopener\">UCSLZ #41<\/a><\/li>\n<li><strong>Jean-Christophe CAMPS<\/strong>, membre du duo de musique electro-acoustique, <a href=\"http:\/\/www.kristoff-k-roll.net\/\" target=\"_blank\" rel=\"noopener\">KRISTOFF K.ROLL<\/a>, \u00e0 Frontignan (34) &#8211; <a href=\"https:\/\/uncanonsurlezinc.fr\/index.php\/2021\/07\/29\/emission-ucslz-42\/\" target=\"_blank\" rel=\"noopener\">UCSLZ #42<\/a><\/li>\n<li><strong>Jean-Louis Dubois CHABERT<\/strong>, auteur et r\u00e9alisateur \u00e0 Carcassonne (11) &#8211; <a href=\"https:\/\/uncanonsurlezinc.fr\/index.php\/2021\/11\/01\/emission-ucslz-43\/\" target=\"_blank\" rel=\"noopener\">UCSLZ #43<\/a><\/li>\n<li><strong>Sylvain PICARD<\/strong>, co-gestionnaire du collectif de <a href=\"https:\/\/autruche-volante.org\/\" target=\"_blank\" rel=\"noopener\">L&rsquo;Autruche Volante<\/a> \u00e0 Bonac-Irazein (09) &#8211; <a href=\"https:\/\/uncanonsurlezinc.fr\/index.php\/2021\/12\/27\/emission-ucslz-44\/\" target=\"_blank\" rel=\"noopener\">UCSLZ #44<\/a><\/li>\n<li><strong>Julien TARDIEU<\/strong>, chercheur en psycho acoustique \u00e0 <a href=\"https:\/\/lareconstruction.univ-tlse2.fr\/accueil-la-reconstruction\/la-maison-de-la-recherche\" target=\"_blank\" rel=\"noreferrer noopener\">la Maison de la Recherche<\/a>, Universit\u00e9 Toulouse \u2013 Jean Jaur\u00e8s (31) &#8211; <a href=\"https:\/\/uncanonsurlezinc.fr\/index.php\/2022\/02\/09\/emission-ucslz-45\/\" target=\"_blank\" rel=\"noopener\">UCSLZ #45<\/a><\/li>\n<li><a href=\"https:\/\/romainlaurendeau.fr\/\" target=\"_blank\" rel=\"noreferrer noopener\"><strong>Romain LAURENDEAU<\/strong><\/a>, photographe \u00e0 Toulouse (31) &#8211; <a href=\"https:\/\/uncanonsurlezinc.fr\/index.php\/2022\/03\/14\/emission-ucslz-46\/\" target=\"_blank\" rel=\"noopener\">UCSLZ #46<\/a><\/li>\n<li><strong>Nina<\/strong>, <strong>Lise<\/strong> et <strong>Simon<\/strong>, membres et cr\u00e9ateurs de <a href=\"https:\/\/lempaille.fr\/\" target=\"_blank\" rel=\"noreferrer noopener\">L\u2019 Empaill\u00e9<\/a> \u00e0 Toulouse (31) &#8211; <a href=\"https:\/\/uncanonsurlezinc.fr\/index.php\/2022\/04\/24\/emission-ucslz-47\/\" target=\"_blank\" rel=\"noopener\">UCSLZ #47<\/a><\/li>\n<li><strong><a href=\"http:\/\/www.annelaurepigache.fr\/\" target=\"_blank\" rel=\"noreferrer noopener\">Anne-Laure PIGACHE<\/a><\/strong> &amp; <strong>Mathias FORGE<\/strong>, cr\u00e9ateurs &amp; interpr\u00e8tes du projet <a href=\"https:\/\/www.lesharmoniquesduneon.com\/le-flou-sur-la-langue?fbclid=IwAR0UrH1F2Akk8qD2-AMpxqCSen8EaJkdNyhszTQlBLUpbzkBplS32gbAQXs\" target=\"_blank\" rel=\"noreferrer noopener\">Le flou sur la langue<\/a> \u00e0 Raissac sur Lampy (11) &#8211; <a href=\"https:\/\/uncanonsurlezinc.fr\/index.php\/2022\/06\/12\/emission-ucslz-48\/\" target=\"_blank\" rel=\"noopener\">UCSLZ #48<\/a><\/li>\n<li><strong>Fred<\/strong>, disquaire chez <strong><a href=\"https:\/\/www.innerdisc.fr\/\" target=\"_blank\" rel=\"noreferrer noopener\">InnerDisc<\/a><\/strong> \u00e0 Toulouse (31) &#8211; <a href=\"https:\/\/uncanonsurlezinc.fr\/index.php\/2022\/06\/12\/emission-ucslz-48\/\" target=\"_blank\" rel=\"noopener\">UCSLZ #48<\/a><\/li>\n<li><strong>Thomas BRAIL<\/strong>, grimpeur-militant au <a href=\"https:\/\/gnsafrance.org\/\" target=\"_blank\" rel=\"noreferrer noopener\">GNSA<\/a> pr\u00e8s de Mazamet (81) &#8211; <a href=\"https:\/\/uncanonsurlezinc.fr\/index.php\/2022\/09\/14\/emission-ucslz-49\/\" target=\"_blank\" rel=\"noopener\">UCSLZ #49<\/a><\/li>\n<li><strong>Emmanuel PISTRE<\/strong> de l\u2019<a href=\"https:\/\/www.montagnenoireavenir.com\/\" target=\"_blank\" rel=\"noreferrer noopener\">Association Montagne Noire Avenir<\/a> &#8211; <a href=\"https:\/\/uncanonsurlezinc.fr\/index.php\/2022\/10\/30\/emission-ucslz-50\/\" target=\"_blank\" rel=\"noopener\">UCSLZ #50<\/a><\/li>\n<li><strong>Will GUTHRIE<\/strong>, musicien et membre de l\u2019<a href=\"https:\/\/ensemble-nist-nah.com\" target=\"_blank\" rel=\"noreferrer noopener\">ENSEMBLE NIST NAH<\/a> &#8211; <a href=\"https:\/\/uncanonsurlezinc.fr\/index.php\/2022\/11\/28\/emission-ucslz-51\/\" target=\"_blank\" rel=\"noopener\">UCSLZ #51<\/a><\/li>\n<li><strong>Fran\u00e7is DUPUIS-DERI<\/strong>, auteur et professeur de science politique \u00e0 l\u2019Universit\u00e9 \u00e0 Toulouse (31) &#8211; <a href=\"https:\/\/uncanonsurlezinc.fr\/index.php\/2023\/01\/08\/emission-ucslz-52\/\" target=\"_blank\" rel=\"noopener\">UCSLZ #52<\/a><\/li>\n<li><strong>Yann QUENET<\/strong>, aventurier et navigateur minimaliste \u00e0 Saint-Brieuc (22) &#8211; <a href=\"https:\/\/uncanonsurlezinc.fr\/index.php\/2023\/03\/18\/emission-ucslz-53\/\" target=\"_blank\" rel=\"noopener\">UCSLZ #53<\/a><\/li>\n<li><strong>Juliette VOLCLER<\/strong>, autrice et chercheuse ind\u00e9pendante \u00e0 Toulouse (31) &#8211; <a href=\"https:\/\/uncanonsurlezinc.fr\/index.php\/2023\/03\/18\/emission-ucslz-53\/\" target=\"_blank\" rel=\"noopener\">UCSLZ #53<\/a><\/li>\n<li><a href=\"https:\/\/www.igavandenhove.com\/\" target=\"_blank\" rel=\"noopener\"><strong>Iga VANDENHOVE<\/strong><\/a>, artiste multim\u00e9dia, documentariste et graphiste au t\u00e9l\u00e9phone &#8211; <a href=\"https:\/\/uncanonsurlezinc.fr\/index.php\/2023\/04\/23\/emission-ucslz-53-2\/\" target=\"_blank\" rel=\"noopener\">UCSLZ #54<\/a><\/li>\n<li><a href=\"https:\/\/www.louiswitter.com\/\" target=\"_blank\" rel=\"noopener\"><strong>Louis WITTER<\/strong><\/a>, journaliste et photographe \u00e0 Toulouse &#8211; <a href=\"https:\/\/uncanonsurlezinc.fr\/index.php\/2023\/09\/24\/emission-ucslz-56\/\" target=\"_blank\" rel=\"noopener\">UCSLZ #56<\/a><\/li>\n<li><strong>Vivien GUARINO<\/strong>, \u00e9diteur aux <a href=\"https:\/\/editionscritiques.fr\/\" target=\"_blank\" rel=\"noopener\">\u00c9ditions Critiques<\/a> \u00e0 Carcassonne (11) &#8211; <a href=\"https:\/\/uncanonsurlezinc.fr\/index.php\/2023\/11\/02\/emission-ucslz-57\/\" target=\"_blank\" rel=\"noopener\">UCSLZ #57<\/a><\/li>\n<li><strong>Fred BLIN<\/strong>, acteur &amp; clown \u00e0 Montpellier (34) &#8211; <a href=\"https:\/\/uncanonsurlezinc.fr\/index.php\/2023\/12\/09\/emission-ucslz-58\/\" target=\"_blank\" rel=\"noopener\">UCSLZ #58<\/a><\/li>\n<li><strong>Philippe ALASLUQUETAS<\/strong>, viticulteur \u00e0 Cassagnes (66) &#8211; <a href=\"https:\/\/uncanonsurlezinc.fr\/index.php\/2023\/12\/31\/emission-ucslz-59\/\" target=\"_blank\" rel=\"noopener\">UCSLZ #59<\/a><\/li>\n<li><a href=\"https:\/\/www.marcnamblard.fr\/\" target=\"_blank\" rel=\"noopener\"><strong>Marc NAMBLARD<\/strong><\/a>, audio-naturaliste et artiste sonore \u00e0 Toulouse (31) &#8211; <a href=\"https:\/\/uncanonsurlezinc.fr\/index.php\/2024\/02\/10\/emission-ucslz-60\/\" target=\"_blank\" rel=\"noopener\">UCSLZ #60<\/a><\/li>\n<li><a href=\"http:\/\/Percussionniste, multi-instrumentiste, improvisateur et compositeur\" target=\"_blank\" rel=\"noopener\" data-wplink-url-error=\"true\"><strong>Sylvain DARRIFOURCQ<\/strong><\/a>, percussionniste, multi-instrumentiste, improvisateur et compositeur \u00e0 Toulouse (31) &#8211; <a href=\"https:\/\/uncanonsurlezinc.fr\/index.php\/2024\/03\/12\/emission-ucslz-61\/\" target=\"_blank\" rel=\"noopener\">UCSLZ #61<\/a><\/li>\n<li><strong><a href=\"https:\/\/blog.loco-motives.fr\/producteurs\/philippe-piard-les-vents-sauvages\/\" target=\"_blank\" rel=\"noreferrer noopener\">Philippe PIARD<\/a><\/strong>, paysan-confiturier dans l\u2019Aveyron, militant chez Nature &amp; Progr\u00e8s et co-pr\u00e9sident du collectif <a href=\"https:\/\/secretstoxiques.fr\/\" target=\"_blank\" rel=\"noreferrer noopener\">Secrets Toxiques<\/a> \u00e0 S\u00e8te (34) &#8211; <a href=\"https:\/\/uncanonsurlezinc.fr\/index.php\/2024\/05\/23\/emission-ucslz-62\/\" target=\"_blank\" rel=\"noopener\">UCSLZ #62<\/a><\/li>\n<li><a href=\"https:\/\/editions-anacharsis.com\/L-Or-et-l-Arsenic\" target=\"_blank\" rel=\"noopener\"><strong>Nicolas ROUILL\u00c9<\/strong><\/a>, auteur de romans &amp; r\u00e9cits \u00e0 Lagrasse (11) &#8211; <a href=\"https:\/\/uncanonsurlezinc.fr\/index.php\/2024\/07\/06\/emission-ucslz-63\/\" target=\"_blank\" rel=\"noopener\">UCSLZ #63<\/a><\/li>\n<li><a href=\"https:\/\/franciscomeirino.com\/\" target=\"_blank\" rel=\"noopener\"><strong>Francisco MEIRINO<\/strong><\/a>, compositeur et artiste sonore au t\u00e9l\u00e9phone &#8211; <a href=\"https:\/\/uncanonsurlezinc.fr\/index.php\/2024\/09\/24\/emission-ucslz-64\/\" target=\"_blank\" rel=\"noopener\">UCSLZ #64<\/a><\/li>\n<li><a href=\"https:\/\/davidsiodos.com\/fr\/accueil\" target=\"_blank\" rel=\"noopener\"><strong>David SIODOS<\/strong><\/a>, photographe \u00e0 Toulouse (31) &#8211; <a href=\"https:\/\/uncanonsurlezinc.fr\/index.php\/2024\/11\/13\/emission-ucslz-65\/\" target=\"_blank\" rel=\"noopener\">UCSLZ #65<\/a><\/li>\n<li><strong><a href=\"https:\/\/feliciebazelaire.com\/\" target=\"_blank\" rel=\"noopener\">F\u00e9licie BAZELAIRE<\/a><\/strong>, violoncelliste et contrebassiste au t\u00e9l\u00e9phone &#8211; <a href=\"https:\/\/uncanonsurlezinc.fr\/index.php\/2024\/12\/18\/emission-ucslz-66\/\" target=\"_blank\" rel=\"noopener\">UCSLZ #66<\/a><\/li>\n<li><strong>L\u00e9andre MANDARD<\/strong>, historien \u00e0 Rennes (35) &#8211; <a href=\"https:\/\/uncanonsurlezinc.fr\/index.php\/2025\/02\/25\/emission-ucslz-68\/\" target=\"_blank\" rel=\"noopener\">UCSLZ #68<\/a><\/li>\n<li><a href=\"https:\/\/www.annejameschaton.org\/\" target=\"_blank\" rel=\"noopener\"><strong>Anne-James CHATON<\/strong><\/a>, po\u00e8te sonore \u00e0 Toulouse (31) &#8211; UCSLZ #70\u00a0<\/li>\n<li><a href=\"https:\/\/www.studiolatache.com\/\" target=\"_blank\" rel=\"noopener\"><strong>Saralisa PEGORIER &amp; Julien LAUBET<\/strong><\/a>, artistes audois \u00e0 Bellegarde-du-Raz\u00e8s (11) &#8211; UCSLZ #71<\/li>\n<\/ul>\n\n<div class=\"wp-block-image\">\n<figure class=\"aligncenter size-full is-resized\"><img loading=\"lazy\" decoding=\"async\" width=\"768\" height=\"768\" src=\"http:\/\/uncanonsurlezinc.fr\/wp-content\/uploads\/2022\/03\/ucslz-logo-2.jpg\" alt=\"\" class=\"wp-image-1698\" style=\"width:249px;height:auto\" srcset=\"https:\/\/uncanonsurlezinc.fr\/wp-content\/uploads\/2022\/03\/ucslz-logo-2.jpg 768w, https:\/\/uncanonsurlezinc.fr\/wp-content\/uploads\/2022\/03\/ucslz-logo-2-300x300.jpg 300w, https:\/\/uncanonsurlezinc.fr\/wp-content\/uploads\/2022\/03\/ucslz-logo-2-150x150.jpg 150w, https:\/\/uncanonsurlezinc.fr\/wp-content\/uploads\/2022\/03\/ucslz-logo-2-620x620.jpg 620w\" sizes=\"auto, (max-width: 768px) 100vw, 768px\" \/><\/figure><\/div>","protected":false},"excerpt":{"rendered":"<p>Didier FERRIER &amp; Jennifer BUCK &#8211; Vignerons \u00e0 la COLLINE DE L&rsquo;HIRONDELLE \u00e0 Douzens (11) &#8211; UCSLZ #1 J\u00e9r\u00f4me BIHAN &#8211; Dessinateur &amp; micro-\u00e9diteur chez RADIO AS PAPER \u00e0 Toulouse (31) &#8211; UCSLZ #1 Mark LOCKETT &#8211; Musicien \u00e0 Limoux (11) &#8211; UCSLZ #2 &amp; UCSLZ #51 Willy MASSOLO &#8211; Boulanger dans la BOULANGERIE LES [&hellip;]<\/p>\n","protected":false},"author":1,"featured_media":726,"comment_status":"open","ping_status":"open","sticky":false,"template":"","format":"standard","meta":{"footnotes":""},"categories":[20],"tags":[839,838,869,981,914,962,968,489],"class_list":["post-128","post","type-post","status-publish","format-standard","has-post-thumbnail","hentry","category-rencontres","tag-association-montagne-noire-avenir","tag-emmanuel-pistre","tag-ensemble-nist-nah","tag-fred-blin","tag-iga-vandenhove","tag-louis-witter","tag-vivien-guarino","tag-will-guthrie"],"post_mailing_queue_ids":[],"_links":{"self":[{"href":"https:\/\/uncanonsurlezinc.fr\/index.php\/wp-json\/wp\/v2\/posts\/128","targetHints":{"allow":["GET"]}}],"collection":[{"href":"https:\/\/uncanonsurlezinc.fr\/index.php\/wp-json\/wp\/v2\/posts"}],"about":[{"href":"https:\/\/uncanonsurlezinc.fr\/index.php\/wp-json\/wp\/v2\/types\/post"}],"author":[{"embeddable":true,"href":"https:\/\/uncanonsurlezinc.fr\/index.php\/wp-json\/wp\/v2\/users\/1"}],"replies":[{"embeddable":true,"href":"https:\/\/uncanonsurlezinc.fr\/index.php\/wp-json\/wp\/v2\/comments?post=128"}],"version-history":[{"count":75,"href":"https:\/\/uncanonsurlezinc.fr\/index.php\/wp-json\/wp\/v2\/posts\/128\/revisions"}],"predecessor-version":[{"id":2340,"href":"https:\/\/uncanonsurlezinc.fr\/index.php\/wp-json\/wp\/v2\/posts\/128\/revisions\/2340"}],"wp:featuredmedia":[{"embeddable":true,"href":"https:\/\/uncanonsurlezinc.fr\/index.php\/wp-json\/wp\/v2\/media\/726"}],"wp:attachment":[{"href":"https:\/\/uncanonsurlezinc.fr\/index.php\/wp-json\/wp\/v2\/media?parent=128"}],"wp:term":[{"taxonomy":"category","embeddable":true,"href":"https:\/\/uncanonsurlezinc.fr\/index.php\/wp-json\/wp\/v2\/categories?post=128"},{"taxonomy":"post_tag","embeddable":true,"href":"https:\/\/uncanonsurlezinc.fr\/index.php\/wp-json\/wp\/v2\/tags?post=128"}],"curies":[{"name":"wp","href":"https:\/\/api.w.org\/{rel}","templated":true}]}}